{"id":1694,"date":"2020-09-10T14:23:00","date_gmt":"2020-09-10T02:23:00","guid":{"rendered":"https:\/\/ibd.lau.mybluehost.me\/?p=1694"},"modified":"2021-11-30T10:02:59","modified_gmt":"2021-11-29T22:02:59","slug":"trabajadores-podran-regresar-a-nueva-zelanda","status":"publish","type":"post","link":"https:\/\/www.sea-international.com\/es\/noticias-nueva-zelanda\/trabajadores-podran-regresar-a-nueva-zelanda\/","title":{"rendered":"Trabajadores podr\u00e1n regresar a Nueva Zelanda"},"content":{"rendered":"\n<p id=\"viewer-foo\">Los trabajadores con visas temporales podr\u00e1n regresar bajo una nueva categor\u00eda de excepci\u00f3n fronteriza y una extensi\u00f3n de tiempo en visas de residente para aquellos que se quedan en el extranjero.<\/p>\n\n\n\n<p id=\"viewer-68utr\">Los titulares de visas temporales que todav\u00eda tienen un trabajo <strong>podr\u00e1n regresar a Nueva Zelanda en octubre, siempre que hayan vivido aqu\u00ed durante al menos dos a\u00f1os o tengan otros v\u00ednculos fuertes con el pa\u00eds.<\/strong><\/p>\n\n\n\n<figure class=\"wp-block-image\"><img decoding=\"async\" data-src=\"https:\/\/static.wixstatic.com\/media\/f38fb4_861a43d895a14fd7a63367b02795b917~mv2.jpg\/v1\/fill\/w_740,h_493,al_c,q_90,usm_0.66_1.00_0.01\/f38fb4_861a43d895a14fd7a63367b02795b917~mv2.webp\" alt=\"\" src=\"data:image\/svg+xml;base64,PHN2ZyB3aWR0aD0iMSIgaGVpZ2h0PSIxIiB4bWxucz0iaHR0cDovL3d3dy53My5vcmcvMjAwMC9zdmciPjwvc3ZnPg==\" class=\"lazyload\" \/><\/figure>\n\n\n\n<p id=\"viewer-aqaif\">El ministro de Inmigraci\u00f3n, Kris Faafoi, dijo que se crear\u00eda una nueva categor\u00eda de <strong>\u00abexcepci\u00f3n fronteriza\u00bb<\/strong> para que puedan regresar.<\/p>\n\n\n\n<p id=\"viewer-2k0fo\">La entrada al pa\u00eds se ha restringido a ciudadanos y residentes permanentes como resultado de los cierres fronterizos tras la pandemia de Covid-19.<\/p>\n\n\n\n<p id=\"viewer-4bfiu\">\u201cMuchos de estos titulares de visas y sus familias han vivido en Nueva Zelanda durante a\u00f1os y han construido sus vidas aqu\u00ed con la esperanza y la expectativa de poder permanecer m\u00e1s tiempo en Nueva Zelanda\u201d, dijo Faafoi.<\/p>\n\n\n\n<p id=\"viewer-d1lq5\">\u00abEs justo permitir que estos titulares de visas regresen dadas sus conexiones permanentes y duraderas con este pa\u00eds\u00bb.<\/p>\n\n\n\n<p id=\"viewer-184qe\"><strong>Para calificar, estos titulares de visas temporales deben:<\/strong><\/p>\n\n\n\n<p id=\"viewer-b4tm9\">\u00b7 A\u00fan mantener su trabajo en Nueva Zelanda, o contin\u00faan operando una empresa en Nueva Zelanda<\/p>\n\n\n\n<p id=\"viewer-fnhn2\">\u00b7 Haber salido de Nueva Zelanda el 1 de diciembre de 2019 o despu\u00e9s de esa fecha<\/p>\n\n\n\n<p id=\"viewer-1hnp2\">\u00b7 Haber vivido en Nueva Zelanda durante al menos dos a\u00f1os o menos de 1 a\u00f1o debe justificar fuertes v\u00ednculos.<\/p>\n\n\n\n<p id=\"viewer-2aqav\">\u00b7 Ha presentado una solicitud de residencia antes del 31 de julio, o tiene padres o hijos en Nueva Zelanda<\/p>\n\n\n\n<p id=\"viewer-4ppbk\">\u00b7 Ha tenido una visa en el momento de la salida que no vence antes de finales de 2020 o, si vence antes de esa fecha, ha solicitado un visado adicional antes del 10 de agosto de 2020.<\/p>\n\n\n\n<p id=\"viewer-899hb\">Faafoi dijo que el Gobierno esperaba que hasta 850 titulares de visas fueran elegibles para regresar bajo el cambio de regla.<\/p>\n\n\n\n<p id=\"viewer-67efd\">El Ministro tambi\u00e9n ha ampliado el tiempo disponible para las visas de residencia. Normalmente las personas que reciben visas de residente deben viajar a Nueva Zelanda dentro de un plazo determinado para activarlas.<\/p>\n\n\n\n<p id=\"viewer-4gpc3\">Las visas de residencia son diferentes a las de \u00abresidencia permanente\u00bb que no tienen <em><strong>travel conditions<\/strong><\/em>. Las visas de residencia normalmente otorgan la entrada por un per\u00edodo de tiempo espec\u00edfico.<\/p>\n\n\n\n<p id=\"viewer-5pjtn\">Sin embargo, las restricciones fronterizas actuales han impedido que las personas puedan viajar o regresar.<\/p>\n\n\n\n<p id=\"viewer-ehes2\">\u201cEl Gobierno comprende la incertidumbre que ha tra\u00eddo Covid-19 sobre varios titulares de visas, en particular las personas en el extranjero que no han podido viajar a Nueva Zelanda para activar su <strong>nueva visa de residente<\/strong>, o que no han podido regresar a Nueva Zelanda antes de que sus condiciones de viaje expiraron \u201d, dijo Faafoi.<\/p>\n\n\n\n<p id=\"viewer-1uc0o\">\u00abCon los poderes que me otorgan la Ley de inmigraci\u00f3n, las personas cuyas condiciones de viaje est\u00e1n a punto de vencer recibir\u00e1n una extensi\u00f3n de 12 meses para viajar a Nueva Zelanda, y aquellas cuyas condiciones de viaje hayan vencido el 2 de febrero de 2020 o despu\u00e9s (cuando comenzaron las restricciones de viaje) se le emitir\u00e1 una nueva visa, tambi\u00e9n v\u00e1lida por 12 meses \u00ab. <strong>(Esto aplica \u00fanicamente para los 2 tipos de visa mencionados anteriormente)<\/strong><\/p>\n\n\n\n<p class=\"has-text-color\" id=\"viewer-1oa98\" style=\"color:#31c4d4\"><strong>\u00bfNecesitas asesor\u00eda de visas para Nueva Zelanda?<\/strong><\/p>\n\n\n\n<p class=\"has-text-color\" id=\"viewer-5ekh2\" style=\"color:#31c4d4\"><strong>Somos agentes migratorios licenciados con m\u00e1s de 10 a\u00f1os de experiencia<\/strong><\/p>\n\n\n\n<p id=\"viewer-1nds1\"><strong><u>escr\u00edbenos: latam@sea-international.com<\/u><\/strong><\/p>\n\n\n\n<p id=\"viewer-b22ub\"><strong><u><font style=\"vertical-align: inherit;\"><font style=\"vertical-align: inherit;\">News Room font<\/font><\/font><\/u><\/strong><\/p>\n","protected":false},"excerpt":{"rendered":"<p>Los trabajadores con visas temporales podr\u00e1n regresar bajo una nueva categor\u00eda de excepci\u00f3n fronteriza y una extensi\u00f3n de tiempo en visas de residente para aquellos que se quedan en el extranjero. Los titulares de visas temporales que todav\u00eda tienen un trabajo podr\u00e1n regresar a Nueva Zelanda en octubre, siempre que hayan vivido aqu\u00ed durante al [&hellip;]<\/p>\n","protected":false},"author":1,"featured_media":2081,"comment_status":"open","ping_status":"open","sticky":false,"template":"","format":"standard","meta":{"_acf_changed":false,"footnotes":""},"categories":[27],"tags":[74,9,75],"class_list":["post-1694","post","type-post","status-publish","format-standard","has-post-thumbnail","hentry","category-noticias","tag-migracion","tag-nueva-zelanda","tag-sea-international"],"acf":[],"yoast_head":"<!-- This site is optimized with the Yoast SEO Premium plugin v20.5 (Yoast SEO v26.4) - https:\/\/yoast.com\/wordpress\/plugins\/seo\/ -->\n<title>Trabajadores podr\u00e1n regresar a Nueva Zelanda - SEA INTERNATIONAL<\/title>\n<meta name=\"robots\" content=\"index, follow, max-snippet:-1, max-image-preview:large, max-video-preview:-1\" \/>\n<link rel=\"canonical\" href=\"https:\/\/www.sea-international.com\/es\/noticias-nueva-zelanda\/trabajadores-podran-regresar-a-nueva-zelanda\/\" \/>\n<meta property=\"og:locale\" content=\"es_ES\" \/>\n<meta property=\"og:type\" content=\"article\" \/>\n<meta property=\"og:title\" content=\"Trabajadores podr\u00e1n regresar a Nueva Zelanda\" \/>\n<meta property=\"og:description\" content=\"Los trabajadores con visas temporales podr\u00e1n regresar bajo una nueva categor\u00eda de excepci\u00f3n fronteriza y una extensi\u00f3n de tiempo en visas de residente para aquellos que se quedan en el extranjero. Los titulares de visas temporales que todav\u00eda tienen un trabajo podr\u00e1n regresar a Nueva Zelanda en octubre, siempre que hayan vivido aqu\u00ed durante al [&hellip;]\" \/>\n<meta property=\"og:url\" content=\"https:\/\/www.sea-international.com\/es\/noticias-nueva-zelanda\/trabajadores-podran-regresar-a-nueva-zelanda\/\" \/>\n<meta property=\"og:site_name\" content=\"SEA INTERNATIONAL\" \/>\n<meta property=\"article:publisher\" content=\"https:\/\/www.facebook.com\/seainternational\/\" \/>\n<meta property=\"article:published_time\" content=\"2020-09-10T02:23:00+00:00\" \/>\n<meta property=\"article:modified_time\" content=\"2021-11-29T22:02:59+00:00\" \/>\n<meta property=\"og:image\" content=\"https:\/\/www.sea-international.com\/es\/wp-content\/uploads\/sites\/6\/2020\/09\/BLOG-NEWS-WORKERS-02.jpg\" \/>\n\t<meta property=\"og:image:width\" content=\"800\" \/>\n\t<meta property=\"og:image:height\" content=\"600\" \/>\n\t<meta property=\"og:image:type\" content=\"image\/jpeg\" \/>\n<meta name=\"author\" content=\"SEA International\" \/>\n<meta name=\"twitter:card\" content=\"summary_large_image\" \/>\n<meta name=\"twitter:creator\" content=\"@SEAINTLATAM\" \/>\n<meta name=\"twitter:site\" content=\"@SEAINTLATAM\" \/>\n<meta name=\"twitter:label1\" content=\"Escrito por\" \/>\n\t<meta name=\"twitter:data1\" content=\"SEA International\" \/>\n\t<meta name=\"twitter:label2\" content=\"Tiempo de lectura\" \/>\n\t<meta name=\"twitter:data2\" content=\"3 minutos\" \/>\n<script type=\"application\/ld+json\" class=\"yoast-schema-graph\">{\"@context\":\"https:\/\/schema.org\",\"@graph\":[{\"@type\":\"Article\",\"@id\":\"https:\/\/www.sea-international.com\/es\/noticias-nueva-zelanda\/trabajadores-podran-regresar-a-nueva-zelanda\/#article\",\"isPartOf\":{\"@id\":\"https:\/\/www.sea-international.com\/es\/noticias-nueva-zelanda\/trabajadores-podran-regresar-a-nueva-zelanda\/\"},\"author\":{\"name\":\"SEA International\",\"@id\":\"https:\/\/www.sea-international.com\/es\/#\/schema\/person\/2a8970510ca5cb53529437f6373555eb\"},\"headline\":\"Trabajadores podr\u00e1n regresar a Nueva Zelanda\",\"datePublished\":\"2020-09-10T02:23:00+00:00\",\"dateModified\":\"2021-11-29T22:02:59+00:00\",\"mainEntityOfPage\":{\"@id\":\"https:\/\/www.sea-international.com\/es\/noticias-nueva-zelanda\/trabajadores-podran-regresar-a-nueva-zelanda\/\"},\"wordCount\":565,\"commentCount\":0,\"publisher\":{\"@id\":\"https:\/\/www.sea-international.com\/es\/#organization\"},\"image\":{\"@id\":\"https:\/\/www.sea-international.com\/es\/noticias-nueva-zelanda\/trabajadores-podran-regresar-a-nueva-zelanda\/#primaryimage\"},\"thumbnailUrl\":\"https:\/\/www.sea-international.com\/es\/wp-content\/uploads\/sites\/6\/2020\/09\/BLOG-NEWS-WORKERS-02.jpg\",\"keywords\":[\"migracion\",\"nueva zelanda\",\"sea international\"],\"articleSection\":[\"Noticias\"],\"inLanguage\":\"es\",\"potentialAction\":[{\"@type\":\"CommentAction\",\"name\":\"Comment\",\"target\":[\"https:\/\/www.sea-international.com\/es\/noticias-nueva-zelanda\/trabajadores-podran-regresar-a-nueva-zelanda\/#respond\"]}]},{\"@type\":\"WebPage\",\"@id\":\"https:\/\/www.sea-international.com\/es\/noticias-nueva-zelanda\/trabajadores-podran-regresar-a-nueva-zelanda\/\",\"url\":\"https:\/\/www.sea-international.com\/es\/noticias-nueva-zelanda\/trabajadores-podran-regresar-a-nueva-zelanda\/\",\"name\":\"Trabajadores podr\u00e1n regresar a Nueva Zelanda - SEA INTERNATIONAL\",\"isPartOf\":{\"@id\":\"https:\/\/www.sea-international.com\/es\/#website\"},\"primaryImageOfPage\":{\"@id\":\"https:\/\/www.sea-international.com\/es\/noticias-nueva-zelanda\/trabajadores-podran-regresar-a-nueva-zelanda\/#primaryimage\"},\"image\":{\"@id\":\"https:\/\/www.sea-international.com\/es\/noticias-nueva-zelanda\/trabajadores-podran-regresar-a-nueva-zelanda\/#primaryimage\"},\"thumbnailUrl\":\"https:\/\/www.sea-international.com\/es\/wp-content\/uploads\/sites\/6\/2020\/09\/BLOG-NEWS-WORKERS-02.jpg\",\"datePublished\":\"2020-09-10T02:23:00+00:00\",\"dateModified\":\"2021-11-29T22:02:59+00:00\",\"breadcrumb\":{\"@id\":\"https:\/\/www.sea-international.com\/es\/noticias-nueva-zelanda\/trabajadores-podran-regresar-a-nueva-zelanda\/#breadcrumb\"},\"inLanguage\":\"es\",\"potentialAction\":[{\"@type\":\"ReadAction\",\"target\":[\"https:\/\/www.sea-international.com\/es\/noticias-nueva-zelanda\/trabajadores-podran-regresar-a-nueva-zelanda\/\"]}]},{\"@type\":\"ImageObject\",\"inLanguage\":\"es\",\"@id\":\"https:\/\/www.sea-international.com\/es\/noticias-nueva-zelanda\/trabajadores-podran-regresar-a-nueva-zelanda\/#primaryimage\",\"url\":\"https:\/\/www.sea-international.com\/es\/wp-content\/uploads\/sites\/6\/2020\/09\/BLOG-NEWS-WORKERS-02.jpg\",\"contentUrl\":\"https:\/\/www.sea-international.com\/es\/wp-content\/uploads\/sites\/6\/2020\/09\/BLOG-NEWS-WORKERS-02.jpg\",\"width\":800,\"height\":600},{\"@type\":\"BreadcrumbList\",\"@id\":\"https:\/\/www.sea-international.com\/es\/noticias-nueva-zelanda\/trabajadores-podran-regresar-a-nueva-zelanda\/#breadcrumb\",\"itemListElement\":[{\"@type\":\"ListItem\",\"position\":1,\"name\":\"Home\",\"item\":\"https:\/\/www.sea-international.com\/es\/\"},{\"@type\":\"ListItem\",\"position\":2,\"name\":\"Noticias\",\"item\":\"https:\/\/www.sea-international.com\/es\/noticias-nueva-zelanda\/category\/noticias\/\"},{\"@type\":\"ListItem\",\"position\":3,\"name\":\"Trabajadores podr\u00e1n regresar a Nueva Zelanda\"}]},{\"@type\":\"WebSite\",\"@id\":\"https:\/\/www.sea-international.com\/es\/#website\",\"url\":\"https:\/\/www.sea-international.com\/es\/\",\"name\":\"SEA INTERNATIONAL\",\"description\":\"Immigration and education services\",\"publisher\":{\"@id\":\"https:\/\/www.sea-international.com\/es\/#organization\"},\"potentialAction\":[{\"@type\":\"SearchAction\",\"target\":{\"@type\":\"EntryPoint\",\"urlTemplate\":\"https:\/\/www.sea-international.com\/es\/?s={search_term_string}\"},\"query-input\":{\"@type\":\"PropertyValueSpecification\",\"valueRequired\":true,\"valueName\":\"search_term_string\"}}],\"inLanguage\":\"es\"},{\"@type\":\"Organization\",\"@id\":\"https:\/\/www.sea-international.com\/es\/#organization\",\"name\":\"SEA International\",\"url\":\"https:\/\/www.sea-international.com\/es\/\",\"logo\":{\"@type\":\"ImageObject\",\"inLanguage\":\"es\",\"@id\":\"https:\/\/www.sea-international.com\/es\/#\/schema\/logo\/image\/\",\"url\":\"https:\/\/www.sea-international.com\/es\/wp-content\/uploads\/sites\/6\/2020\/11\/cropped-sea-international-logo.png\",\"contentUrl\":\"https:\/\/www.sea-international.com\/es\/wp-content\/uploads\/sites\/6\/2020\/11\/cropped-sea-international-logo.png\",\"width\":487,\"height\":126,\"caption\":\"SEA International\"},\"image\":{\"@id\":\"https:\/\/www.sea-international.com\/es\/#\/schema\/logo\/image\/\"},\"sameAs\":[\"https:\/\/www.facebook.com\/seainternational\/\",\"https:\/\/x.com\/SEAINTLATAM\",\"https:\/\/twitter.com\/SEAINTLATAM\",\"https:\/\/www.linkedin.com\/company\/seainternational\/\",\"https:\/\/www.youtube.com\/user\/seaconz\"]},{\"@type\":\"Person\",\"@id\":\"https:\/\/www.sea-international.com\/es\/#\/schema\/person\/2a8970510ca5cb53529437f6373555eb\",\"name\":\"SEA International\",\"image\":{\"@type\":\"ImageObject\",\"inLanguage\":\"es\",\"@id\":\"https:\/\/www.sea-international.com\/es\/#\/schema\/person\/image\/\",\"url\":\"https:\/\/secure.gravatar.com\/avatar\/7e212389e0d252508c72d7b5a604656bc47e9b1704b5b20e887b3f47dce53962?s=96&d=mm&r=g\",\"contentUrl\":\"https:\/\/secure.gravatar.com\/avatar\/7e212389e0d252508c72d7b5a604656bc47e9b1704b5b20e887b3f47dce53962?s=96&d=mm&r=g\",\"caption\":\"SEA International\"},\"url\":\"https:\/\/www.sea-international.com\/es\/noticias-nueva-zelanda\/author\/carlos\/\"}]}<\/script>\n<!-- \/ Yoast SEO Premium plugin. -->","yoast_head_json":{"title":"Trabajadores podr\u00e1n regresar a Nueva Zelanda - SEA INTERNATIONAL","robots":{"index":"index","follow":"follow","max-snippet":"max-snippet:-1","max-image-preview":"max-image-preview:large","max-video-preview":"max-video-preview:-1"},"canonical":"https:\/\/www.sea-international.com\/es\/noticias-nueva-zelanda\/trabajadores-podran-regresar-a-nueva-zelanda\/","og_locale":"es_ES","og_type":"article","og_title":"Trabajadores podr\u00e1n regresar a Nueva Zelanda","og_description":"Los trabajadores con visas temporales podr\u00e1n regresar bajo una nueva categor\u00eda de excepci\u00f3n fronteriza y una extensi\u00f3n de tiempo en visas de residente para aquellos que se quedan en el extranjero. Los titulares de visas temporales que todav\u00eda tienen un trabajo podr\u00e1n regresar a Nueva Zelanda en octubre, siempre que hayan vivido aqu\u00ed durante al [&hellip;]","og_url":"https:\/\/www.sea-international.com\/es\/noticias-nueva-zelanda\/trabajadores-podran-regresar-a-nueva-zelanda\/","og_site_name":"SEA INTERNATIONAL","article_publisher":"https:\/\/www.facebook.com\/seainternational\/","article_published_time":"2020-09-10T02:23:00+00:00","article_modified_time":"2021-11-29T22:02:59+00:00","og_image":[{"width":800,"height":600,"url":"https:\/\/www.sea-international.com\/es\/wp-content\/uploads\/sites\/6\/2020\/09\/BLOG-NEWS-WORKERS-02.jpg","type":"image\/jpeg"}],"author":"SEA International","twitter_card":"summary_large_image","twitter_creator":"@SEAINTLATAM","twitter_site":"@SEAINTLATAM","twitter_misc":{"Escrito por":"SEA International","Tiempo de lectura":"3 minutos"},"schema":{"@context":"https:\/\/schema.org","@graph":[{"@type":"Article","@id":"https:\/\/www.sea-international.com\/es\/noticias-nueva-zelanda\/trabajadores-podran-regresar-a-nueva-zelanda\/#article","isPartOf":{"@id":"https:\/\/www.sea-international.com\/es\/noticias-nueva-zelanda\/trabajadores-podran-regresar-a-nueva-zelanda\/"},"author":{"name":"SEA International","@id":"https:\/\/www.sea-international.com\/es\/#\/schema\/person\/2a8970510ca5cb53529437f6373555eb"},"headline":"Trabajadores podr\u00e1n regresar a Nueva Zelanda","datePublished":"2020-09-10T02:23:00+00:00","dateModified":"2021-11-29T22:02:59+00:00","mainEntityOfPage":{"@id":"https:\/\/www.sea-international.com\/es\/noticias-nueva-zelanda\/trabajadores-podran-regresar-a-nueva-zelanda\/"},"wordCount":565,"commentCount":0,"publisher":{"@id":"https:\/\/www.sea-international.com\/es\/#organization"},"image":{"@id":"https:\/\/www.sea-international.com\/es\/noticias-nueva-zelanda\/trabajadores-podran-regresar-a-nueva-zelanda\/#primaryimage"},"thumbnailUrl":"https:\/\/www.sea-international.com\/es\/wp-content\/uploads\/sites\/6\/2020\/09\/BLOG-NEWS-WORKERS-02.jpg","keywords":["migracion","nueva zelanda","sea international"],"articleSection":["Noticias"],"inLanguage":"es","potentialAction":[{"@type":"CommentAction","name":"Comment","target":["https:\/\/www.sea-international.com\/es\/noticias-nueva-zelanda\/trabajadores-podran-regresar-a-nueva-zelanda\/#respond"]}]},{"@type":"WebPage","@id":"https:\/\/www.sea-international.com\/es\/noticias-nueva-zelanda\/trabajadores-podran-regresar-a-nueva-zelanda\/","url":"https:\/\/www.sea-international.com\/es\/noticias-nueva-zelanda\/trabajadores-podran-regresar-a-nueva-zelanda\/","name":"Trabajadores podr\u00e1n regresar a Nueva Zelanda - SEA INTERNATIONAL","isPartOf":{"@id":"https:\/\/www.sea-international.com\/es\/#website"},"primaryImageOfPage":{"@id":"https:\/\/www.sea-international.com\/es\/noticias-nueva-zelanda\/trabajadores-podran-regresar-a-nueva-zelanda\/#primaryimage"},"image":{"@id":"https:\/\/www.sea-international.com\/es\/noticias-nueva-zelanda\/trabajadores-podran-regresar-a-nueva-zelanda\/#primaryimage"},"thumbnailUrl":"https:\/\/www.sea-international.com\/es\/wp-content\/uploads\/sites\/6\/2020\/09\/BLOG-NEWS-WORKERS-02.jpg","datePublished":"2020-09-10T02:23:00+00:00","dateModified":"2021-11-29T22:02:59+00:00","breadcrumb":{"@id":"https:\/\/www.sea-international.com\/es\/noticias-nueva-zelanda\/trabajadores-podran-regresar-a-nueva-zelanda\/#breadcrumb"},"inLanguage":"es","potentialAction":[{"@type":"ReadAction","target":["https:\/\/www.sea-international.com\/es\/noticias-nueva-zelanda\/trabajadores-podran-regresar-a-nueva-zelanda\/"]}]},{"@type":"ImageObject","inLanguage":"es","@id":"https:\/\/www.sea-international.com\/es\/noticias-nueva-zelanda\/trabajadores-podran-regresar-a-nueva-zelanda\/#primaryimage","url":"https:\/\/www.sea-international.com\/es\/wp-content\/uploads\/sites\/6\/2020\/09\/BLOG-NEWS-WORKERS-02.jpg","contentUrl":"https:\/\/www.sea-international.com\/es\/wp-content\/uploads\/sites\/6\/2020\/09\/BLOG-NEWS-WORKERS-02.jpg","width":800,"height":600},{"@type":"BreadcrumbList","@id":"https:\/\/www.sea-international.com\/es\/noticias-nueva-zelanda\/trabajadores-podran-regresar-a-nueva-zelanda\/#breadcrumb","itemListElement":[{"@type":"ListItem","position":1,"name":"Home","item":"https:\/\/www.sea-international.com\/es\/"},{"@type":"ListItem","position":2,"name":"Noticias","item":"https:\/\/www.sea-international.com\/es\/noticias-nueva-zelanda\/category\/noticias\/"},{"@type":"ListItem","position":3,"name":"Trabajadores podr\u00e1n regresar a Nueva Zelanda"}]},{"@type":"WebSite","@id":"https:\/\/www.sea-international.com\/es\/#website","url":"https:\/\/www.sea-international.com\/es\/","name":"SEA INTERNATIONAL","description":"Immigration and education services","publisher":{"@id":"https:\/\/www.sea-international.com\/es\/#organization"},"potentialAction":[{"@type":"SearchAction","target":{"@type":"EntryPoint","urlTemplate":"https:\/\/www.sea-international.com\/es\/?s={search_term_string}"},"query-input":{"@type":"PropertyValueSpecification","valueRequired":true,"valueName":"search_term_string"}}],"inLanguage":"es"},{"@type":"Organization","@id":"https:\/\/www.sea-international.com\/es\/#organization","name":"SEA International","url":"https:\/\/www.sea-international.com\/es\/","logo":{"@type":"ImageObject","inLanguage":"es","@id":"https:\/\/www.sea-international.com\/es\/#\/schema\/logo\/image\/","url":"https:\/\/www.sea-international.com\/es\/wp-content\/uploads\/sites\/6\/2020\/11\/cropped-sea-international-logo.png","contentUrl":"https:\/\/www.sea-international.com\/es\/wp-content\/uploads\/sites\/6\/2020\/11\/cropped-sea-international-logo.png","width":487,"height":126,"caption":"SEA International"},"image":{"@id":"https:\/\/www.sea-international.com\/es\/#\/schema\/logo\/image\/"},"sameAs":["https:\/\/www.facebook.com\/seainternational\/","https:\/\/x.com\/SEAINTLATAM","https:\/\/twitter.com\/SEAINTLATAM","https:\/\/www.linkedin.com\/company\/seainternational\/","https:\/\/www.youtube.com\/user\/seaconz"]},{"@type":"Person","@id":"https:\/\/www.sea-international.com\/es\/#\/schema\/person\/2a8970510ca5cb53529437f6373555eb","name":"SEA International","image":{"@type":"ImageObject","inLanguage":"es","@id":"https:\/\/www.sea-international.com\/es\/#\/schema\/person\/image\/","url":"https:\/\/secure.gravatar.com\/avatar\/7e212389e0d252508c72d7b5a604656bc47e9b1704b5b20e887b3f47dce53962?s=96&d=mm&r=g","contentUrl":"https:\/\/secure.gravatar.com\/avatar\/7e212389e0d252508c72d7b5a604656bc47e9b1704b5b20e887b3f47dce53962?s=96&d=mm&r=g","caption":"SEA International"},"url":"https:\/\/www.sea-international.com\/es\/noticias-nueva-zelanda\/author\/carlos\/"}]}},"_links":{"self":[{"href":"https:\/\/www.sea-international.com\/es\/wp-json\/wp\/v2\/posts\/1694","targetHints":{"allow":["GET"]}}],"collection":[{"href":"https:\/\/www.sea-international.com\/es\/wp-json\/wp\/v2\/posts"}],"about":[{"href":"https:\/\/www.sea-international.com\/es\/wp-json\/wp\/v2\/types\/post"}],"author":[{"embeddable":true,"href":"https:\/\/www.sea-international.com\/es\/wp-json\/wp\/v2\/users\/1"}],"replies":[{"embeddable":true,"href":"https:\/\/www.sea-international.com\/es\/wp-json\/wp\/v2\/comments?post=1694"}],"version-history":[{"count":1,"href":"https:\/\/www.sea-international.com\/es\/wp-json\/wp\/v2\/posts\/1694\/revisions"}],"predecessor-version":[{"id":4299,"href":"https:\/\/www.sea-international.com\/es\/wp-json\/wp\/v2\/posts\/1694\/revisions\/4299"}],"wp:featuredmedia":[{"embeddable":true,"href":"https:\/\/www.sea-international.com\/es\/wp-json\/wp\/v2\/media\/2081"}],"wp:attachment":[{"href":"https:\/\/www.sea-international.com\/es\/wp-json\/wp\/v2\/media?parent=1694"}],"wp:term":[{"taxonomy":"category","embeddable":true,"href":"https:\/\/www.sea-international.com\/es\/wp-json\/wp\/v2\/categories?post=1694"},{"taxonomy":"post_tag","embeddable":true,"href":"https:\/\/www.sea-international.com\/es\/wp-json\/wp\/v2\/tags?post=1694"}],"curies":[{"name":"wp","href":"https:\/\/api.w.org\/{rel}","templated":true}]}}