{"id":2016,"date":"2019-10-07T02:01:00","date_gmt":"2019-10-07T02:01:00","guid":{"rendered":"https:\/\/ibd.lau.mybluehost.me\/?p=2016"},"modified":"2020-10-22T00:21:10","modified_gmt":"2020-10-22T00:21:10","slug":"vuelve-la-visa-para-padres-en-nueva-zelanda","status":"publish","type":"post","link":"https:\/\/www.sea-international.com\/es\/noticias-nueva-zelanda\/vuelve-la-visa-para-padres-en-nueva-zelanda\/","title":{"rendered":"Vuelve la Visa para Padres en Nueva Zelanda!"},"content":{"rendered":"\n<p id=\"viewer-foo\">A los padres de los trabajadores migrantes que quieran venir a Nueva Zelanda se les adelantar\u00e1 su caso, ya que el Gobierno anuncia que reabrir\u00e1 y restablecer\u00e1 su programa de visas.<\/p>\n\n\n\n<p id=\"viewer-13t1f\">El Gobierno est\u00e1 reabriendo un plan de inmigraci\u00f3n que fue protegido por \u00abNational\u00bb con la esperanza de atraer y retener trabajadores calificados.<\/p>\n\n\n\n<p id=\"viewer-1jvfe\">El ministro a cargo, Iain Lees Galloway, dice que la \u00abCategor\u00eda de padres\u00bb tiene como objetivo facilitar que los padres de migrantes calificados que viven en Nueva Zelanda durante al menos tres a\u00f1os se unan a ellos aqu\u00ed.<\/p>\n\n\n\n<p id=\"viewer-e3cvt\">El esquema actual se cerrar\u00e1 a partir de hoy y la nueva opci\u00f3n de Categor\u00eda para padres se abrir\u00e1 con nuevos criterios en febrero de 2020 con un l\u00edmite de 1,000 personas.<\/p>\n\n\n\n<p id=\"viewer-b6h7q\">El ministro de Inmigraci\u00f3n, Iain Lees-Galloway, anunci\u00f3 hoy la medida diciendo que los inmigrantes calificados y sus padres necesitan m\u00e1s seguridad.<\/p>\n\n\n\n<p id=\"viewer-8rmvt\">\u201cLos inmigrantes calificados y sus padres han estado en el limbo desde que el gobierno nacional anterior decidi\u00f3 hace casi tres a\u00f1os cerrar efectivamente la categor\u00eda de padres al colocar una moratoria sobre ella. Esto cre\u00f3 una incertidumbre innecesaria e injusta para las personas \u201d, dice el Sr. Lees-Galloway.<\/p>\n\n\n\n<p id=\"viewer-ft9sr\">Dijo que la medida brindar\u00e1 m\u00e1s apoyo a los migrantes calificados al proporcionar un camino para que sus padres se unan a ellos.<\/p>\n\n\n\n<p id=\"viewer-4ecs5\">\u201cEl Gobierno de la Coalici\u00f3n se compromete a atraer y retener a los migrantes altamente calificados, proporcionando un camino para que sus padres se unan a ellos en Nueva Zelanda, al tiempo que se asegura de que sus hijos los apoyen cuando lleguen aqu\u00ed.<\/p>\n\n\n\n<p id=\"viewer-7ph2c\">\u00abLa capacidad de un padre de obtener residencia a trav\u00e9s de un ingreso garantizado de por vida o fondos de liquidaci\u00f3n se eliminar\u00e1 en la nueva configuraci\u00f3n. Los padres a\u00fan deber\u00e1n cumplir con los requisitos de salud y car\u00e1cter como parte del proceso de solicitud \u201d, dice el Sr. Lees-Galloway.<\/p>\n\n\n\n<p id=\"viewer-e3ceu\">Esto quiere decir que quienes deber\u00e1n soportar la aplicaci\u00f3n son los hijos:<\/p>\n\n\n\n<h3 class=\"wp-block-heading\" id=\"viewer-d9o4p\"><strong>Niveles de ingresos esperados para 2020<\/strong><\/h3>\n\n\n\n<p id=\"viewer-1b60k\">Si su patrocinio se basa en sus ingresos personales, deber\u00e1 ganar antes de impuestos:<\/p>\n\n\n\n<ul class=\"wp-block-list\"><li>$ 106,080 NZD para patrocinar a 1 padre<\/li><\/ul>\n\n\n\n<ul class=\"wp-block-list\"><li>$ 159,120 NZD para patrocinar a 2 padres.<\/li><\/ul>\n\n\n\n<p id=\"viewer-b8c9a\">Si est\u00e1 utilizando los ingresos de usted y su pareja, deber\u00e1 ganar entre ustedes:<\/p>\n\n\n\n<ul class=\"wp-block-list\"><li>$ 159,120 NZD para patrocinar a 1 padre<\/li><\/ul>\n\n\n\n<ul class=\"wp-block-list\"><li>$ 212,160 NZD para patrocinar a 2 padres.<\/li><\/ul>\n\n\n\n<p id=\"viewer-b0kuh\">Tambi\u00e9n dijo que la medida ayudar\u00e1 a las empresas de Nueva Zelanda a encontrar la mano de obra calificada que necesitan, lo que fortalecer\u00e1 a\u00fan m\u00e1s la econom\u00eda.<\/p>\n\n\n\n<p id=\"viewer-1lmkv\"><strong>Estaremos publicando cualquier novedad al respecto. S\u00edguenos en todas nuestras redes sociales para no perderte las \u00faltimas actualizaciones<\/strong><\/p>\n\n\n\n<p><\/p>\n\n\n\n\n\n<div style=\"height:100px\" aria-hidden=\"true\" class=\"wp-block-spacer\"><\/div>\n\n\n\n<p id=\"viewer-9kug7\">Fuente: <a href=\"https:\/\/www.tvnz.co.nz\/one-news\/new-zealand\/new-visa-scheme-parents-migrant-workers-settle-in-zealand?fbclid=IwAR2-qNi1QM_4IAT-TDzui9Kc7H5UQXCLoVyuQghoPwqH0oRGkXIUPQs4z1s\">TVNZ<\/a><\/p>\n","protected":false},"excerpt":{"rendered":"<p>A los padres de los trabajadores migrantes que quieran venir a Nueva Zelanda se les adelantar\u00e1 su caso, ya que el Gobierno anuncia que reabrir\u00e1 y restablecer\u00e1 su programa de visas. El Gobierno est\u00e1 reabriendo un plan de inmigraci\u00f3n que fue protegido por \u00abNational\u00bb con la esperanza de atraer y retener trabajadores calificados. El ministro [&hellip;]<\/p>\n","protected":false},"author":1,"featured_media":2115,"comment_status":"open","ping_status":"open","sticky":false,"template":"","format":"standard","meta":{"_acf_changed":false,"footnotes":""},"categories":[27],"tags":[74,79,9,75,78,80],"class_list":["post-2016","post","type-post","status-publish","format-standard","has-post-thumbnail","hentry","category-noticias","tag-migracion","tag-noticias-sobre-nueva-zelanda","tag-nueva-zelanda","tag-sea-international","tag-visa-para-padres","tag-visas-en-nueva-zelanda"],"acf":[],"yoast_head":"<!-- This site is optimized with the Yoast SEO Premium plugin v20.5 (Yoast SEO v26.4) - https:\/\/yoast.com\/wordpress\/plugins\/seo\/ -->\n<title>Vuelve la Visa para Padres en Nueva Zelanda! - SEA INTERNATIONAL<\/title>\n<meta name=\"robots\" content=\"index, follow, max-snippet:-1, max-image-preview:large, max-video-preview:-1\" \/>\n<link rel=\"canonical\" href=\"https:\/\/www.sea-international.com\/es\/noticias-nueva-zelanda\/vuelve-la-visa-para-padres-en-nueva-zelanda\/\" \/>\n<meta property=\"og:locale\" content=\"es_ES\" \/>\n<meta property=\"og:type\" content=\"article\" \/>\n<meta property=\"og:title\" content=\"Vuelve la Visa para Padres en Nueva Zelanda!\" \/>\n<meta property=\"og:description\" content=\"A los padres de los trabajadores migrantes que quieran venir a Nueva Zelanda se les adelantar\u00e1 su caso, ya que el Gobierno anuncia que reabrir\u00e1 y restablecer\u00e1 su programa de visas. El Gobierno est\u00e1 reabriendo un plan de inmigraci\u00f3n que fue protegido por \u00abNational\u00bb con la esperanza de atraer y retener trabajadores calificados. El ministro [&hellip;]\" \/>\n<meta property=\"og:url\" content=\"https:\/\/www.sea-international.com\/es\/noticias-nueva-zelanda\/vuelve-la-visa-para-padres-en-nueva-zelanda\/\" \/>\n<meta property=\"og:site_name\" content=\"SEA INTERNATIONAL\" \/>\n<meta property=\"article:publisher\" content=\"https:\/\/www.facebook.com\/seainternational\/\" \/>\n<meta property=\"article:published_time\" content=\"2019-10-07T02:01:00+00:00\" \/>\n<meta property=\"article:modified_time\" content=\"2020-10-22T00:21:10+00:00\" \/>\n<meta property=\"og:image\" content=\"https:\/\/www.sea-international.com\/es\/wp-content\/uploads\/sites\/6\/2019\/10\/BLOG-NEWS-parents-02.jpg\" \/>\n\t<meta property=\"og:image:width\" content=\"800\" \/>\n\t<meta property=\"og:image:height\" content=\"600\" \/>\n\t<meta property=\"og:image:type\" content=\"image\/jpeg\" \/>\n<meta name=\"author\" content=\"SEA International\" \/>\n<meta name=\"twitter:card\" content=\"summary_large_image\" \/>\n<meta name=\"twitter:creator\" content=\"@SEAINTLATAM\" \/>\n<meta name=\"twitter:site\" content=\"@SEAINTLATAM\" \/>\n<meta name=\"twitter:label1\" content=\"Escrito por\" \/>\n\t<meta name=\"twitter:data1\" content=\"SEA International\" \/>\n\t<meta name=\"twitter:label2\" content=\"Tiempo de lectura\" \/>\n\t<meta name=\"twitter:data2\" content=\"2 minutos\" \/>\n<script type=\"application\/ld+json\" class=\"yoast-schema-graph\">{\"@context\":\"https:\/\/schema.org\",\"@graph\":[{\"@type\":\"Article\",\"@id\":\"https:\/\/www.sea-international.com\/es\/noticias-nueva-zelanda\/vuelve-la-visa-para-padres-en-nueva-zelanda\/#article\",\"isPartOf\":{\"@id\":\"https:\/\/www.sea-international.com\/es\/noticias-nueva-zelanda\/vuelve-la-visa-para-padres-en-nueva-zelanda\/\"},\"author\":{\"name\":\"SEA International\",\"@id\":\"https:\/\/www.sea-international.com\/es\/#\/schema\/person\/2a8970510ca5cb53529437f6373555eb\"},\"headline\":\"Vuelve la Visa para Padres en Nueva Zelanda!\",\"datePublished\":\"2019-10-07T02:01:00+00:00\",\"dateModified\":\"2020-10-22T00:21:10+00:00\",\"mainEntityOfPage\":{\"@id\":\"https:\/\/www.sea-international.com\/es\/noticias-nueva-zelanda\/vuelve-la-visa-para-padres-en-nueva-zelanda\/\"},\"wordCount\":452,\"commentCount\":0,\"publisher\":{\"@id\":\"https:\/\/www.sea-international.com\/es\/#organization\"},\"image\":{\"@id\":\"https:\/\/www.sea-international.com\/es\/noticias-nueva-zelanda\/vuelve-la-visa-para-padres-en-nueva-zelanda\/#primaryimage\"},\"thumbnailUrl\":\"https:\/\/www.sea-international.com\/es\/wp-content\/uploads\/sites\/6\/2019\/10\/BLOG-NEWS-parents-02.jpg\",\"keywords\":[\"migracion\",\"noticias sobre nueva zelanda\",\"nueva zelanda\",\"sea international\",\"visa para padres\",\"visas en nueva zelanda\"],\"articleSection\":[\"Noticias\"],\"inLanguage\":\"es\",\"potentialAction\":[{\"@type\":\"CommentAction\",\"name\":\"Comment\",\"target\":[\"https:\/\/www.sea-international.com\/es\/noticias-nueva-zelanda\/vuelve-la-visa-para-padres-en-nueva-zelanda\/#respond\"]}]},{\"@type\":\"WebPage\",\"@id\":\"https:\/\/www.sea-international.com\/es\/noticias-nueva-zelanda\/vuelve-la-visa-para-padres-en-nueva-zelanda\/\",\"url\":\"https:\/\/www.sea-international.com\/es\/noticias-nueva-zelanda\/vuelve-la-visa-para-padres-en-nueva-zelanda\/\",\"name\":\"Vuelve la Visa para Padres en Nueva Zelanda! - SEA INTERNATIONAL\",\"isPartOf\":{\"@id\":\"https:\/\/www.sea-international.com\/es\/#website\"},\"primaryImageOfPage\":{\"@id\":\"https:\/\/www.sea-international.com\/es\/noticias-nueva-zelanda\/vuelve-la-visa-para-padres-en-nueva-zelanda\/#primaryimage\"},\"image\":{\"@id\":\"https:\/\/www.sea-international.com\/es\/noticias-nueva-zelanda\/vuelve-la-visa-para-padres-en-nueva-zelanda\/#primaryimage\"},\"thumbnailUrl\":\"https:\/\/www.sea-international.com\/es\/wp-content\/uploads\/sites\/6\/2019\/10\/BLOG-NEWS-parents-02.jpg\",\"datePublished\":\"2019-10-07T02:01:00+00:00\",\"dateModified\":\"2020-10-22T00:21:10+00:00\",\"breadcrumb\":{\"@id\":\"https:\/\/www.sea-international.com\/es\/noticias-nueva-zelanda\/vuelve-la-visa-para-padres-en-nueva-zelanda\/#breadcrumb\"},\"inLanguage\":\"es\",\"potentialAction\":[{\"@type\":\"ReadAction\",\"target\":[\"https:\/\/www.sea-international.com\/es\/noticias-nueva-zelanda\/vuelve-la-visa-para-padres-en-nueva-zelanda\/\"]}]},{\"@type\":\"ImageObject\",\"inLanguage\":\"es\",\"@id\":\"https:\/\/www.sea-international.com\/es\/noticias-nueva-zelanda\/vuelve-la-visa-para-padres-en-nueva-zelanda\/#primaryimage\",\"url\":\"https:\/\/www.sea-international.com\/es\/wp-content\/uploads\/sites\/6\/2019\/10\/BLOG-NEWS-parents-02.jpg\",\"contentUrl\":\"https:\/\/www.sea-international.com\/es\/wp-content\/uploads\/sites\/6\/2019\/10\/BLOG-NEWS-parents-02.jpg\",\"width\":800,\"height\":600},{\"@type\":\"BreadcrumbList\",\"@id\":\"https:\/\/www.sea-international.com\/es\/noticias-nueva-zelanda\/vuelve-la-visa-para-padres-en-nueva-zelanda\/#breadcrumb\",\"itemListElement\":[{\"@type\":\"ListItem\",\"position\":1,\"name\":\"Home\",\"item\":\"https:\/\/www.sea-international.com\/es\/\"},{\"@type\":\"ListItem\",\"position\":2,\"name\":\"Noticias\",\"item\":\"https:\/\/www.sea-international.com\/es\/noticias-nueva-zelanda\/category\/noticias\/\"},{\"@type\":\"ListItem\",\"position\":3,\"name\":\"Vuelve la Visa para Padres en Nueva Zelanda!\"}]},{\"@type\":\"WebSite\",\"@id\":\"https:\/\/www.sea-international.com\/es\/#website\",\"url\":\"https:\/\/www.sea-international.com\/es\/\",\"name\":\"SEA INTERNATIONAL\",\"description\":\"Immigration and education services\",\"publisher\":{\"@id\":\"https:\/\/www.sea-international.com\/es\/#organization\"},\"potentialAction\":[{\"@type\":\"SearchAction\",\"target\":{\"@type\":\"EntryPoint\",\"urlTemplate\":\"https:\/\/www.sea-international.com\/es\/?s={search_term_string}\"},\"query-input\":{\"@type\":\"PropertyValueSpecification\",\"valueRequired\":true,\"valueName\":\"search_term_string\"}}],\"inLanguage\":\"es\"},{\"@type\":\"Organization\",\"@id\":\"https:\/\/www.sea-international.com\/es\/#organization\",\"name\":\"SEA International\",\"url\":\"https:\/\/www.sea-international.com\/es\/\",\"logo\":{\"@type\":\"ImageObject\",\"inLanguage\":\"es\",\"@id\":\"https:\/\/www.sea-international.com\/es\/#\/schema\/logo\/image\/\",\"url\":\"https:\/\/www.sea-international.com\/es\/wp-content\/uploads\/sites\/6\/2020\/11\/cropped-sea-international-logo.png\",\"contentUrl\":\"https:\/\/www.sea-international.com\/es\/wp-content\/uploads\/sites\/6\/2020\/11\/cropped-sea-international-logo.png\",\"width\":487,\"height\":126,\"caption\":\"SEA International\"},\"image\":{\"@id\":\"https:\/\/www.sea-international.com\/es\/#\/schema\/logo\/image\/\"},\"sameAs\":[\"https:\/\/www.facebook.com\/seainternational\/\",\"https:\/\/x.com\/SEAINTLATAM\",\"https:\/\/twitter.com\/SEAINTLATAM\",\"https:\/\/www.linkedin.com\/company\/seainternational\/\",\"https:\/\/www.youtube.com\/user\/seaconz\"]},{\"@type\":\"Person\",\"@id\":\"https:\/\/www.sea-international.com\/es\/#\/schema\/person\/2a8970510ca5cb53529437f6373555eb\",\"name\":\"SEA International\",\"image\":{\"@type\":\"ImageObject\",\"inLanguage\":\"es\",\"@id\":\"https:\/\/www.sea-international.com\/es\/#\/schema\/person\/image\/\",\"url\":\"https:\/\/secure.gravatar.com\/avatar\/7e212389e0d252508c72d7b5a604656bc47e9b1704b5b20e887b3f47dce53962?s=96&d=mm&r=g\",\"contentUrl\":\"https:\/\/secure.gravatar.com\/avatar\/7e212389e0d252508c72d7b5a604656bc47e9b1704b5b20e887b3f47dce53962?s=96&d=mm&r=g\",\"caption\":\"SEA International\"},\"url\":\"https:\/\/www.sea-international.com\/es\/noticias-nueva-zelanda\/author\/carlos\/\"}]}<\/script>\n<!-- \/ Yoast SEO Premium plugin. -->","yoast_head_json":{"title":"Vuelve la Visa para Padres en Nueva Zelanda! - SEA INTERNATIONAL","robots":{"index":"index","follow":"follow","max-snippet":"max-snippet:-1","max-image-preview":"max-image-preview:large","max-video-preview":"max-video-preview:-1"},"canonical":"https:\/\/www.sea-international.com\/es\/noticias-nueva-zelanda\/vuelve-la-visa-para-padres-en-nueva-zelanda\/","og_locale":"es_ES","og_type":"article","og_title":"Vuelve la Visa para Padres en Nueva Zelanda!","og_description":"A los padres de los trabajadores migrantes que quieran venir a Nueva Zelanda se les adelantar\u00e1 su caso, ya que el Gobierno anuncia que reabrir\u00e1 y restablecer\u00e1 su programa de visas. El Gobierno est\u00e1 reabriendo un plan de inmigraci\u00f3n que fue protegido por \u00abNational\u00bb con la esperanza de atraer y retener trabajadores calificados. El ministro [&hellip;]","og_url":"https:\/\/www.sea-international.com\/es\/noticias-nueva-zelanda\/vuelve-la-visa-para-padres-en-nueva-zelanda\/","og_site_name":"SEA INTERNATIONAL","article_publisher":"https:\/\/www.facebook.com\/seainternational\/","article_published_time":"2019-10-07T02:01:00+00:00","article_modified_time":"2020-10-22T00:21:10+00:00","og_image":[{"width":800,"height":600,"url":"https:\/\/www.sea-international.com\/es\/wp-content\/uploads\/sites\/6\/2019\/10\/BLOG-NEWS-parents-02.jpg","type":"image\/jpeg"}],"author":"SEA International","twitter_card":"summary_large_image","twitter_creator":"@SEAINTLATAM","twitter_site":"@SEAINTLATAM","twitter_misc":{"Escrito por":"SEA International","Tiempo de lectura":"2 minutos"},"schema":{"@context":"https:\/\/schema.org","@graph":[{"@type":"Article","@id":"https:\/\/www.sea-international.com\/es\/noticias-nueva-zelanda\/vuelve-la-visa-para-padres-en-nueva-zelanda\/#article","isPartOf":{"@id":"https:\/\/www.sea-international.com\/es\/noticias-nueva-zelanda\/vuelve-la-visa-para-padres-en-nueva-zelanda\/"},"author":{"name":"SEA International","@id":"https:\/\/www.sea-international.com\/es\/#\/schema\/person\/2a8970510ca5cb53529437f6373555eb"},"headline":"Vuelve la Visa para Padres en Nueva Zelanda!","datePublished":"2019-10-07T02:01:00+00:00","dateModified":"2020-10-22T00:21:10+00:00","mainEntityOfPage":{"@id":"https:\/\/www.sea-international.com\/es\/noticias-nueva-zelanda\/vuelve-la-visa-para-padres-en-nueva-zelanda\/"},"wordCount":452,"commentCount":0,"publisher":{"@id":"https:\/\/www.sea-international.com\/es\/#organization"},"image":{"@id":"https:\/\/www.sea-international.com\/es\/noticias-nueva-zelanda\/vuelve-la-visa-para-padres-en-nueva-zelanda\/#primaryimage"},"thumbnailUrl":"https:\/\/www.sea-international.com\/es\/wp-content\/uploads\/sites\/6\/2019\/10\/BLOG-NEWS-parents-02.jpg","keywords":["migracion","noticias sobre nueva zelanda","nueva zelanda","sea international","visa para padres","visas en nueva zelanda"],"articleSection":["Noticias"],"inLanguage":"es","potentialAction":[{"@type":"CommentAction","name":"Comment","target":["https:\/\/www.sea-international.com\/es\/noticias-nueva-zelanda\/vuelve-la-visa-para-padres-en-nueva-zelanda\/#respond"]}]},{"@type":"WebPage","@id":"https:\/\/www.sea-international.com\/es\/noticias-nueva-zelanda\/vuelve-la-visa-para-padres-en-nueva-zelanda\/","url":"https:\/\/www.sea-international.com\/es\/noticias-nueva-zelanda\/vuelve-la-visa-para-padres-en-nueva-zelanda\/","name":"Vuelve la Visa para Padres en Nueva Zelanda! - SEA INTERNATIONAL","isPartOf":{"@id":"https:\/\/www.sea-international.com\/es\/#website"},"primaryImageOfPage":{"@id":"https:\/\/www.sea-international.com\/es\/noticias-nueva-zelanda\/vuelve-la-visa-para-padres-en-nueva-zelanda\/#primaryimage"},"image":{"@id":"https:\/\/www.sea-international.com\/es\/noticias-nueva-zelanda\/vuelve-la-visa-para-padres-en-nueva-zelanda\/#primaryimage"},"thumbnailUrl":"https:\/\/www.sea-international.com\/es\/wp-content\/uploads\/sites\/6\/2019\/10\/BLOG-NEWS-parents-02.jpg","datePublished":"2019-10-07T02:01:00+00:00","dateModified":"2020-10-22T00:21:10+00:00","breadcrumb":{"@id":"https:\/\/www.sea-international.com\/es\/noticias-nueva-zelanda\/vuelve-la-visa-para-padres-en-nueva-zelanda\/#breadcrumb"},"inLanguage":"es","potentialAction":[{"@type":"ReadAction","target":["https:\/\/www.sea-international.com\/es\/noticias-nueva-zelanda\/vuelve-la-visa-para-padres-en-nueva-zelanda\/"]}]},{"@type":"ImageObject","inLanguage":"es","@id":"https:\/\/www.sea-international.com\/es\/noticias-nueva-zelanda\/vuelve-la-visa-para-padres-en-nueva-zelanda\/#primaryimage","url":"https:\/\/www.sea-international.com\/es\/wp-content\/uploads\/sites\/6\/2019\/10\/BLOG-NEWS-parents-02.jpg","contentUrl":"https:\/\/www.sea-international.com\/es\/wp-content\/uploads\/sites\/6\/2019\/10\/BLOG-NEWS-parents-02.jpg","width":800,"height":600},{"@type":"BreadcrumbList","@id":"https:\/\/www.sea-international.com\/es\/noticias-nueva-zelanda\/vuelve-la-visa-para-padres-en-nueva-zelanda\/#breadcrumb","itemListElement":[{"@type":"ListItem","position":1,"name":"Home","item":"https:\/\/www.sea-international.com\/es\/"},{"@type":"ListItem","position":2,"name":"Noticias","item":"https:\/\/www.sea-international.com\/es\/noticias-nueva-zelanda\/category\/noticias\/"},{"@type":"ListItem","position":3,"name":"Vuelve la Visa para Padres en Nueva Zelanda!"}]},{"@type":"WebSite","@id":"https:\/\/www.sea-international.com\/es\/#website","url":"https:\/\/www.sea-international.com\/es\/","name":"SEA INTERNATIONAL","description":"Immigration and education services","publisher":{"@id":"https:\/\/www.sea-international.com\/es\/#organization"},"potentialAction":[{"@type":"SearchAction","target":{"@type":"EntryPoint","urlTemplate":"https:\/\/www.sea-international.com\/es\/?s={search_term_string}"},"query-input":{"@type":"PropertyValueSpecification","valueRequired":true,"valueName":"search_term_string"}}],"inLanguage":"es"},{"@type":"Organization","@id":"https:\/\/www.sea-international.com\/es\/#organization","name":"SEA International","url":"https:\/\/www.sea-international.com\/es\/","logo":{"@type":"ImageObject","inLanguage":"es","@id":"https:\/\/www.sea-international.com\/es\/#\/schema\/logo\/image\/","url":"https:\/\/www.sea-international.com\/es\/wp-content\/uploads\/sites\/6\/2020\/11\/cropped-sea-international-logo.png","contentUrl":"https:\/\/www.sea-international.com\/es\/wp-content\/uploads\/sites\/6\/2020\/11\/cropped-sea-international-logo.png","width":487,"height":126,"caption":"SEA International"},"image":{"@id":"https:\/\/www.sea-international.com\/es\/#\/schema\/logo\/image\/"},"sameAs":["https:\/\/www.facebook.com\/seainternational\/","https:\/\/x.com\/SEAINTLATAM","https:\/\/twitter.com\/SEAINTLATAM","https:\/\/www.linkedin.com\/company\/seainternational\/","https:\/\/www.youtube.com\/user\/seaconz"]},{"@type":"Person","@id":"https:\/\/www.sea-international.com\/es\/#\/schema\/person\/2a8970510ca5cb53529437f6373555eb","name":"SEA International","image":{"@type":"ImageObject","inLanguage":"es","@id":"https:\/\/www.sea-international.com\/es\/#\/schema\/person\/image\/","url":"https:\/\/secure.gravatar.com\/avatar\/7e212389e0d252508c72d7b5a604656bc47e9b1704b5b20e887b3f47dce53962?s=96&d=mm&r=g","contentUrl":"https:\/\/secure.gravatar.com\/avatar\/7e212389e0d252508c72d7b5a604656bc47e9b1704b5b20e887b3f47dce53962?s=96&d=mm&r=g","caption":"SEA International"},"url":"https:\/\/www.sea-international.com\/es\/noticias-nueva-zelanda\/author\/carlos\/"}]}},"_links":{"self":[{"href":"https:\/\/www.sea-international.com\/es\/wp-json\/wp\/v2\/posts\/2016","targetHints":{"allow":["GET"]}}],"collection":[{"href":"https:\/\/www.sea-international.com\/es\/wp-json\/wp\/v2\/posts"}],"about":[{"href":"https:\/\/www.sea-international.com\/es\/wp-json\/wp\/v2\/types\/post"}],"author":[{"embeddable":true,"href":"https:\/\/www.sea-international.com\/es\/wp-json\/wp\/v2\/users\/1"}],"replies":[{"embeddable":true,"href":"https:\/\/www.sea-international.com\/es\/wp-json\/wp\/v2\/comments?post=2016"}],"version-history":[{"count":0,"href":"https:\/\/www.sea-international.com\/es\/wp-json\/wp\/v2\/posts\/2016\/revisions"}],"wp:featuredmedia":[{"embeddable":true,"href":"https:\/\/www.sea-international.com\/es\/wp-json\/wp\/v2\/media\/2115"}],"wp:attachment":[{"href":"https:\/\/www.sea-international.com\/es\/wp-json\/wp\/v2\/media?parent=2016"}],"wp:term":[{"taxonomy":"category","embeddable":true,"href":"https:\/\/www.sea-international.com\/es\/wp-json\/wp\/v2\/categories?post=2016"},{"taxonomy":"post_tag","embeddable":true,"href":"https:\/\/www.sea-international.com\/es\/wp-json\/wp\/v2\/tags?post=2016"}],"curies":[{"name":"wp","href":"https:\/\/api.w.org\/{rel}","templated":true}]}}