{"id":2036,"date":"2019-07-15T02:34:00","date_gmt":"2019-07-15T02:34:00","guid":{"rendered":"https:\/\/ibd.lau.mybluehost.me\/?p=2036"},"modified":"2020-10-21T21:15:09","modified_gmt":"2020-10-21T21:15:09","slug":"la-aerolinea-sudamericana-latam-retira-frecuencia-de-paradas-en-auckland-en-vuelo-santiago-sydney","status":"publish","type":"post","link":"https:\/\/www.sea-international.com\/es\/noticias-nueva-zelanda\/la-aerolinea-sudamericana-latam-retira-frecuencia-de-paradas-en-auckland-en-vuelo-santiago-sydney\/","title":{"rendered":"Latam retira frecuencia de paradas en Auckland en vuelo Santiago-Sydney"},"content":{"rendered":"\n<p id=\"viewer-8kk13\">La aerol\u00ednea sudamericana Latam est\u00e1 cortando servicios a trav\u00e9s de Auckland, reduciendo las opciones de viaje tanto para Kiwis como para latinoamericanos.<\/p>\n\n\n\n<p id=\"viewer-992i2\">Desde finales de octubre, la aerol\u00ednea volar\u00e1 directamente desde Sydney a Santiago tres veces por semana, en lugar de detenerse en Auckland esos d\u00edas (lo que suced\u00eda actualmente).<\/p>\n\n\n\n<p id=\"viewer-fpgvt\">Latam no ha hecho ning\u00fan comentario sobre su cambio de vuelos diarios, solo dice que sigue comprometido con el mercado de Nueva Zelanda.<\/p>\n\n\n\n<p id=\"viewer-bd2ko\">La p\u00e9rdida de algunos de sus vuelos <em><strong>transtasman<\/strong><\/em> tomar\u00e1 alrededor de 80,000 asientos fuera del mercado al a\u00f1o.<\/p>\n\n\n\n<p id=\"viewer-c27v5\">El gerente general de comerciales aeron\u00e1uticos del aeropuerto de Auckland, Scott Tasker, dijo que Latam estaba cambiando la forma en que sirve a la regi\u00f3n de Ocean\u00eda.<\/p>\n\n\n\n<p id=\"viewer-35jcq\">M\u00e1s de la mitad de los pasajeros que viajaban a Chile eran de Australia, por lo que ten\u00eda sentido financiero para Latam.<\/p>\n\n\n\n<p id=\"viewer-ckah0\">\u00bbDesde una perspectiva financiera para el Aeropuerto de Auckland no es un impacto material \u00bb, dijo Tasker.<\/p>\n\n\n\n<p id=\"viewer-6v1f5\">Los pasajeros hacia y desde Sudam\u00e9rica (incluidos los tr\u00e1nsitos) representaron menos del 2 por ciento de m\u00e1s de 11 millones de pasajeros internacionales a trav\u00e9s del aeropuerto.<\/p>\n\n\n\n<p id=\"viewer-4g9q0\">Dijo que Latam, aunque es una aerol\u00ednea muy grande, estaba enfrentando presi\u00f3n en su mercado regional debido a la debilidad econ\u00f3mica y la volatilidad en Brasil y Argentina en particular.<\/p>\n\n\n\n<p id=\"viewer-e1lt4\">Los problemas econ\u00f3micos hab\u00edan llevado al colapso del peso argentino, lo que a su vez condujo a una fuerte ca\u00edda de las llegadas de ese pa\u00eds. En el a\u00f1o hasta abril, las llegadas desde Argentina (atendidas directamente por Air New Zealand e indirectamente por Latam) disminuyeron de 23,000 a 16,500.<\/p>\n\n\n\n<p id=\"viewer-9vfk1\">\u00bbHab\u00edan estado creciendo muy fuerte pero se han replegado. Eso es lo que sucede cuando su moneda cae un 50% el a\u00f1o pasado y otro 17% este a\u00f1o. Incluso si est\u00e1s en el conjunto de viajeros ricos, es realmente un desaf\u00edo \u00bb.<\/p>\n\n\n\n<p id=\"viewer-92bh6\">Auckland se ha posicionado como un punto de parada o centro entre el sur de Asia y Am\u00e9rica del Sur.<\/p>\n\n\n\n<p id=\"viewer-97ntg\"><em><strong>La sugerencia si tienes pensado utilizar esta ruta en los pr\u00f3ximos meses es que revises con tiempo tus opciones ya que las escalas que se ofrecen seg\u00fan las diferentes ciudades de destino son generalmente pa\u00edses en los cuales requieres una visa as\u00ed sea de tr\u00e1nsito.<\/strong><\/em><\/p>\n\n\n\n<p id=\"viewer-9cq9a\">En SEA International nos gusta que est\u00e9s informado, s\u00edguenos en nuestras redes sociales para est\u00e9s al tanto de todo sobre NZ!<\/p>\n\n\n\n<p id=\"viewer-f1jso\">Fuente: <u><a href=\"https:\/\/www.nzherald.co.nz\/business\/news\/article.cfm?c_id=3&objectid=12249159\">NZ Heral<\/a><\/u><a href=\"https:\/\/www.nzherald.co.nz\/business\/news\/article.cfm?c_id=3&objectid=12249159\"><u>d<\/u><\/a><\/p>\n\n\n\n<div style=\"height:100px\" aria-hidden=\"true\" class=\"wp-block-spacer\"><\/div>\n\n\n","protected":false},"excerpt":{"rendered":"<p>La aerol\u00ednea sudamericana Latam est\u00e1 cortando servicios a trav\u00e9s de Auckland, reduciendo las opciones de viaje tanto para Kiwis como para latinoamericanos. Desde finales de octubre, la aerol\u00ednea volar\u00e1 directamente desde Sydney a Santiago tres veces por semana, en lugar de detenerse en Auckland esos d\u00edas (lo que suced\u00eda actualmente). Latam no ha hecho ning\u00fan [&hellip;]<\/p>\n","protected":false},"author":1,"featured_media":2120,"comment_status":"open","ping_status":"closed","sticky":false,"template":"","format":"standard","meta":{"_acf_changed":false,"footnotes":""},"categories":[27],"tags":[74,9,75],"class_list":["post-2036","post","type-post","status-publish","format-standard","has-post-thumbnail","hentry","category-noticias","tag-migracion","tag-nueva-zelanda","tag-sea-international"],"acf":[],"yoast_head":"<!-- This site is optimized with the Yoast SEO Premium plugin v20.5 (Yoast SEO v26.4) - https:\/\/yoast.com\/wordpress\/plugins\/seo\/ -->\n<title>Latam retira frecuencia de paradas en Auckland en vuelo Santiago-Sydney - SEA INTERNATIONAL<\/title>\n<meta name=\"robots\" content=\"index, follow, max-snippet:-1, max-image-preview:large, max-video-preview:-1\" \/>\n<link rel=\"canonical\" href=\"https:\/\/www.sea-international.com\/es\/noticias-nueva-zelanda\/la-aerolinea-sudamericana-latam-retira-frecuencia-de-paradas-en-auckland-en-vuelo-santiago-sydney\/\" \/>\n<meta property=\"og:locale\" content=\"es_ES\" \/>\n<meta property=\"og:type\" content=\"article\" \/>\n<meta property=\"og:title\" content=\"Latam retira frecuencia de paradas en Auckland en vuelo Santiago-Sydney\" \/>\n<meta property=\"og:description\" content=\"La aerol\u00ednea sudamericana Latam est\u00e1 cortando servicios a trav\u00e9s de Auckland, reduciendo las opciones de viaje tanto para Kiwis como para latinoamericanos. Desde finales de octubre, la aerol\u00ednea volar\u00e1 directamente desde Sydney a Santiago tres veces por semana, en lugar de detenerse en Auckland esos d\u00edas (lo que suced\u00eda actualmente). Latam no ha hecho ning\u00fan [&hellip;]\" \/>\n<meta property=\"og:url\" content=\"https:\/\/www.sea-international.com\/es\/noticias-nueva-zelanda\/la-aerolinea-sudamericana-latam-retira-frecuencia-de-paradas-en-auckland-en-vuelo-santiago-sydney\/\" \/>\n<meta property=\"og:site_name\" content=\"SEA INTERNATIONAL\" \/>\n<meta property=\"article:publisher\" content=\"https:\/\/www.facebook.com\/seainternational\/\" \/>\n<meta property=\"article:published_time\" content=\"2019-07-15T02:34:00+00:00\" \/>\n<meta property=\"article:modified_time\" content=\"2020-10-21T21:15:09+00:00\" \/>\n<meta property=\"og:image\" content=\"https:\/\/www.sea-international.com\/es\/wp-content\/uploads\/sites\/6\/2019\/07\/BLOG-NEWS-LATAM-02.jpg\" \/>\n\t<meta property=\"og:image:width\" content=\"800\" \/>\n\t<meta property=\"og:image:height\" content=\"600\" \/>\n\t<meta property=\"og:image:type\" content=\"image\/jpeg\" \/>\n<meta name=\"author\" content=\"SEA International\" \/>\n<meta name=\"twitter:card\" content=\"summary_large_image\" \/>\n<meta name=\"twitter:creator\" content=\"@SEAINTLATAM\" \/>\n<meta name=\"twitter:site\" content=\"@SEAINTLATAM\" \/>\n<meta name=\"twitter:label1\" content=\"Escrito por\" \/>\n\t<meta name=\"twitter:data1\" content=\"SEA International\" \/>\n\t<meta name=\"twitter:label2\" content=\"Tiempo de lectura\" \/>\n\t<meta name=\"twitter:data2\" content=\"2 minutos\" \/>\n<script type=\"application\/ld+json\" class=\"yoast-schema-graph\">{\"@context\":\"https:\/\/schema.org\",\"@graph\":[{\"@type\":\"Article\",\"@id\":\"https:\/\/www.sea-international.com\/es\/noticias-nueva-zelanda\/la-aerolinea-sudamericana-latam-retira-frecuencia-de-paradas-en-auckland-en-vuelo-santiago-sydney\/#article\",\"isPartOf\":{\"@id\":\"https:\/\/www.sea-international.com\/es\/noticias-nueva-zelanda\/la-aerolinea-sudamericana-latam-retira-frecuencia-de-paradas-en-auckland-en-vuelo-santiago-sydney\/\"},\"author\":{\"name\":\"SEA International\",\"@id\":\"https:\/\/www.sea-international.com\/es\/#\/schema\/person\/2a8970510ca5cb53529437f6373555eb\"},\"headline\":\"Latam retira frecuencia de paradas en Auckland en vuelo Santiago-Sydney\",\"datePublished\":\"2019-07-15T02:34:00+00:00\",\"dateModified\":\"2020-10-21T21:15:09+00:00\",\"mainEntityOfPage\":{\"@id\":\"https:\/\/www.sea-international.com\/es\/noticias-nueva-zelanda\/la-aerolinea-sudamericana-latam-retira-frecuencia-de-paradas-en-auckland-en-vuelo-santiago-sydney\/\"},\"wordCount\":435,\"commentCount\":0,\"publisher\":{\"@id\":\"https:\/\/www.sea-international.com\/es\/#organization\"},\"image\":{\"@id\":\"https:\/\/www.sea-international.com\/es\/noticias-nueva-zelanda\/la-aerolinea-sudamericana-latam-retira-frecuencia-de-paradas-en-auckland-en-vuelo-santiago-sydney\/#primaryimage\"},\"thumbnailUrl\":\"https:\/\/www.sea-international.com\/es\/wp-content\/uploads\/sites\/6\/2019\/07\/BLOG-NEWS-LATAM-02.jpg\",\"keywords\":[\"migracion\",\"nueva zelanda\",\"sea international\"],\"articleSection\":[\"Noticias\"],\"inLanguage\":\"es\",\"potentialAction\":[{\"@type\":\"CommentAction\",\"name\":\"Comment\",\"target\":[\"https:\/\/www.sea-international.com\/es\/noticias-nueva-zelanda\/la-aerolinea-sudamericana-latam-retira-frecuencia-de-paradas-en-auckland-en-vuelo-santiago-sydney\/#respond\"]}]},{\"@type\":\"WebPage\",\"@id\":\"https:\/\/www.sea-international.com\/es\/noticias-nueva-zelanda\/la-aerolinea-sudamericana-latam-retira-frecuencia-de-paradas-en-auckland-en-vuelo-santiago-sydney\/\",\"url\":\"https:\/\/www.sea-international.com\/es\/noticias-nueva-zelanda\/la-aerolinea-sudamericana-latam-retira-frecuencia-de-paradas-en-auckland-en-vuelo-santiago-sydney\/\",\"name\":\"Latam retira frecuencia de paradas en Auckland en vuelo Santiago-Sydney - SEA INTERNATIONAL\",\"isPartOf\":{\"@id\":\"https:\/\/www.sea-international.com\/es\/#website\"},\"primaryImageOfPage\":{\"@id\":\"https:\/\/www.sea-international.com\/es\/noticias-nueva-zelanda\/la-aerolinea-sudamericana-latam-retira-frecuencia-de-paradas-en-auckland-en-vuelo-santiago-sydney\/#primaryimage\"},\"image\":{\"@id\":\"https:\/\/www.sea-international.com\/es\/noticias-nueva-zelanda\/la-aerolinea-sudamericana-latam-retira-frecuencia-de-paradas-en-auckland-en-vuelo-santiago-sydney\/#primaryimage\"},\"thumbnailUrl\":\"https:\/\/www.sea-international.com\/es\/wp-content\/uploads\/sites\/6\/2019\/07\/BLOG-NEWS-LATAM-02.jpg\",\"datePublished\":\"2019-07-15T02:34:00+00:00\",\"dateModified\":\"2020-10-21T21:15:09+00:00\",\"breadcrumb\":{\"@id\":\"https:\/\/www.sea-international.com\/es\/noticias-nueva-zelanda\/la-aerolinea-sudamericana-latam-retira-frecuencia-de-paradas-en-auckland-en-vuelo-santiago-sydney\/#breadcrumb\"},\"inLanguage\":\"es\",\"potentialAction\":[{\"@type\":\"ReadAction\",\"target\":[\"https:\/\/www.sea-international.com\/es\/noticias-nueva-zelanda\/la-aerolinea-sudamericana-latam-retira-frecuencia-de-paradas-en-auckland-en-vuelo-santiago-sydney\/\"]}]},{\"@type\":\"ImageObject\",\"inLanguage\":\"es\",\"@id\":\"https:\/\/www.sea-international.com\/es\/noticias-nueva-zelanda\/la-aerolinea-sudamericana-latam-retira-frecuencia-de-paradas-en-auckland-en-vuelo-santiago-sydney\/#primaryimage\",\"url\":\"https:\/\/www.sea-international.com\/es\/wp-content\/uploads\/sites\/6\/2019\/07\/BLOG-NEWS-LATAM-02.jpg\",\"contentUrl\":\"https:\/\/www.sea-international.com\/es\/wp-content\/uploads\/sites\/6\/2019\/07\/BLOG-NEWS-LATAM-02.jpg\",\"width\":800,\"height\":600},{\"@type\":\"BreadcrumbList\",\"@id\":\"https:\/\/www.sea-international.com\/es\/noticias-nueva-zelanda\/la-aerolinea-sudamericana-latam-retira-frecuencia-de-paradas-en-auckland-en-vuelo-santiago-sydney\/#breadcrumb\",\"itemListElement\":[{\"@type\":\"ListItem\",\"position\":1,\"name\":\"Home\",\"item\":\"https:\/\/www.sea-international.com\/es\/\"},{\"@type\":\"ListItem\",\"position\":2,\"name\":\"Noticias\",\"item\":\"https:\/\/www.sea-international.com\/es\/noticias-nueva-zelanda\/category\/noticias\/\"},{\"@type\":\"ListItem\",\"position\":3,\"name\":\"Latam retira frecuencia de paradas en Auckland en vuelo Santiago-Sydney\"}]},{\"@type\":\"WebSite\",\"@id\":\"https:\/\/www.sea-international.com\/es\/#website\",\"url\":\"https:\/\/www.sea-international.com\/es\/\",\"name\":\"SEA INTERNATIONAL\",\"description\":\"Immigration and education services\",\"publisher\":{\"@id\":\"https:\/\/www.sea-international.com\/es\/#organization\"},\"potentialAction\":[{\"@type\":\"SearchAction\",\"target\":{\"@type\":\"EntryPoint\",\"urlTemplate\":\"https:\/\/www.sea-international.com\/es\/?s={search_term_string}\"},\"query-input\":{\"@type\":\"PropertyValueSpecification\",\"valueRequired\":true,\"valueName\":\"search_term_string\"}}],\"inLanguage\":\"es\"},{\"@type\":\"Organization\",\"@id\":\"https:\/\/www.sea-international.com\/es\/#organization\",\"name\":\"SEA International\",\"url\":\"https:\/\/www.sea-international.com\/es\/\",\"logo\":{\"@type\":\"ImageObject\",\"inLanguage\":\"es\",\"@id\":\"https:\/\/www.sea-international.com\/es\/#\/schema\/logo\/image\/\",\"url\":\"https:\/\/www.sea-international.com\/es\/wp-content\/uploads\/sites\/6\/2020\/11\/cropped-sea-international-logo.png\",\"contentUrl\":\"https:\/\/www.sea-international.com\/es\/wp-content\/uploads\/sites\/6\/2020\/11\/cropped-sea-international-logo.png\",\"width\":487,\"height\":126,\"caption\":\"SEA International\"},\"image\":{\"@id\":\"https:\/\/www.sea-international.com\/es\/#\/schema\/logo\/image\/\"},\"sameAs\":[\"https:\/\/www.facebook.com\/seainternational\/\",\"https:\/\/x.com\/SEAINTLATAM\",\"https:\/\/twitter.com\/SEAINTLATAM\",\"https:\/\/www.linkedin.com\/company\/seainternational\/\",\"https:\/\/www.youtube.com\/user\/seaconz\"]},{\"@type\":\"Person\",\"@id\":\"https:\/\/www.sea-international.com\/es\/#\/schema\/person\/2a8970510ca5cb53529437f6373555eb\",\"name\":\"SEA International\",\"image\":{\"@type\":\"ImageObject\",\"inLanguage\":\"es\",\"@id\":\"https:\/\/www.sea-international.com\/es\/#\/schema\/person\/image\/\",\"url\":\"https:\/\/secure.gravatar.com\/avatar\/7e212389e0d252508c72d7b5a604656bc47e9b1704b5b20e887b3f47dce53962?s=96&d=mm&r=g\",\"contentUrl\":\"https:\/\/secure.gravatar.com\/avatar\/7e212389e0d252508c72d7b5a604656bc47e9b1704b5b20e887b3f47dce53962?s=96&d=mm&r=g\",\"caption\":\"SEA International\"},\"url\":\"https:\/\/www.sea-international.com\/es\/noticias-nueva-zelanda\/author\/carlos\/\"}]}<\/script>\n<!-- \/ Yoast SEO Premium plugin. -->","yoast_head_json":{"title":"Latam retira frecuencia de paradas en Auckland en vuelo Santiago-Sydney - SEA INTERNATIONAL","robots":{"index":"index","follow":"follow","max-snippet":"max-snippet:-1","max-image-preview":"max-image-preview:large","max-video-preview":"max-video-preview:-1"},"canonical":"https:\/\/www.sea-international.com\/es\/noticias-nueva-zelanda\/la-aerolinea-sudamericana-latam-retira-frecuencia-de-paradas-en-auckland-en-vuelo-santiago-sydney\/","og_locale":"es_ES","og_type":"article","og_title":"Latam retira frecuencia de paradas en Auckland en vuelo Santiago-Sydney","og_description":"La aerol\u00ednea sudamericana Latam est\u00e1 cortando servicios a trav\u00e9s de Auckland, reduciendo las opciones de viaje tanto para Kiwis como para latinoamericanos. Desde finales de octubre, la aerol\u00ednea volar\u00e1 directamente desde Sydney a Santiago tres veces por semana, en lugar de detenerse en Auckland esos d\u00edas (lo que suced\u00eda actualmente). Latam no ha hecho ning\u00fan [&hellip;]","og_url":"https:\/\/www.sea-international.com\/es\/noticias-nueva-zelanda\/la-aerolinea-sudamericana-latam-retira-frecuencia-de-paradas-en-auckland-en-vuelo-santiago-sydney\/","og_site_name":"SEA INTERNATIONAL","article_publisher":"https:\/\/www.facebook.com\/seainternational\/","article_published_time":"2019-07-15T02:34:00+00:00","article_modified_time":"2020-10-21T21:15:09+00:00","og_image":[{"width":800,"height":600,"url":"https:\/\/www.sea-international.com\/es\/wp-content\/uploads\/sites\/6\/2019\/07\/BLOG-NEWS-LATAM-02.jpg","type":"image\/jpeg"}],"author":"SEA International","twitter_card":"summary_large_image","twitter_creator":"@SEAINTLATAM","twitter_site":"@SEAINTLATAM","twitter_misc":{"Escrito por":"SEA International","Tiempo de lectura":"2 minutos"},"schema":{"@context":"https:\/\/schema.org","@graph":[{"@type":"Article","@id":"https:\/\/www.sea-international.com\/es\/noticias-nueva-zelanda\/la-aerolinea-sudamericana-latam-retira-frecuencia-de-paradas-en-auckland-en-vuelo-santiago-sydney\/#article","isPartOf":{"@id":"https:\/\/www.sea-international.com\/es\/noticias-nueva-zelanda\/la-aerolinea-sudamericana-latam-retira-frecuencia-de-paradas-en-auckland-en-vuelo-santiago-sydney\/"},"author":{"name":"SEA International","@id":"https:\/\/www.sea-international.com\/es\/#\/schema\/person\/2a8970510ca5cb53529437f6373555eb"},"headline":"Latam retira frecuencia de paradas en Auckland en vuelo Santiago-Sydney","datePublished":"2019-07-15T02:34:00+00:00","dateModified":"2020-10-21T21:15:09+00:00","mainEntityOfPage":{"@id":"https:\/\/www.sea-international.com\/es\/noticias-nueva-zelanda\/la-aerolinea-sudamericana-latam-retira-frecuencia-de-paradas-en-auckland-en-vuelo-santiago-sydney\/"},"wordCount":435,"commentCount":0,"publisher":{"@id":"https:\/\/www.sea-international.com\/es\/#organization"},"image":{"@id":"https:\/\/www.sea-international.com\/es\/noticias-nueva-zelanda\/la-aerolinea-sudamericana-latam-retira-frecuencia-de-paradas-en-auckland-en-vuelo-santiago-sydney\/#primaryimage"},"thumbnailUrl":"https:\/\/www.sea-international.com\/es\/wp-content\/uploads\/sites\/6\/2019\/07\/BLOG-NEWS-LATAM-02.jpg","keywords":["migracion","nueva zelanda","sea international"],"articleSection":["Noticias"],"inLanguage":"es","potentialAction":[{"@type":"CommentAction","name":"Comment","target":["https:\/\/www.sea-international.com\/es\/noticias-nueva-zelanda\/la-aerolinea-sudamericana-latam-retira-frecuencia-de-paradas-en-auckland-en-vuelo-santiago-sydney\/#respond"]}]},{"@type":"WebPage","@id":"https:\/\/www.sea-international.com\/es\/noticias-nueva-zelanda\/la-aerolinea-sudamericana-latam-retira-frecuencia-de-paradas-en-auckland-en-vuelo-santiago-sydney\/","url":"https:\/\/www.sea-international.com\/es\/noticias-nueva-zelanda\/la-aerolinea-sudamericana-latam-retira-frecuencia-de-paradas-en-auckland-en-vuelo-santiago-sydney\/","name":"Latam retira frecuencia de paradas en Auckland en vuelo Santiago-Sydney - SEA INTERNATIONAL","isPartOf":{"@id":"https:\/\/www.sea-international.com\/es\/#website"},"primaryImageOfPage":{"@id":"https:\/\/www.sea-international.com\/es\/noticias-nueva-zelanda\/la-aerolinea-sudamericana-latam-retira-frecuencia-de-paradas-en-auckland-en-vuelo-santiago-sydney\/#primaryimage"},"image":{"@id":"https:\/\/www.sea-international.com\/es\/noticias-nueva-zelanda\/la-aerolinea-sudamericana-latam-retira-frecuencia-de-paradas-en-auckland-en-vuelo-santiago-sydney\/#primaryimage"},"thumbnailUrl":"https:\/\/www.sea-international.com\/es\/wp-content\/uploads\/sites\/6\/2019\/07\/BLOG-NEWS-LATAM-02.jpg","datePublished":"2019-07-15T02:34:00+00:00","dateModified":"2020-10-21T21:15:09+00:00","breadcrumb":{"@id":"https:\/\/www.sea-international.com\/es\/noticias-nueva-zelanda\/la-aerolinea-sudamericana-latam-retira-frecuencia-de-paradas-en-auckland-en-vuelo-santiago-sydney\/#breadcrumb"},"inLanguage":"es","potentialAction":[{"@type":"ReadAction","target":["https:\/\/www.sea-international.com\/es\/noticias-nueva-zelanda\/la-aerolinea-sudamericana-latam-retira-frecuencia-de-paradas-en-auckland-en-vuelo-santiago-sydney\/"]}]},{"@type":"ImageObject","inLanguage":"es","@id":"https:\/\/www.sea-international.com\/es\/noticias-nueva-zelanda\/la-aerolinea-sudamericana-latam-retira-frecuencia-de-paradas-en-auckland-en-vuelo-santiago-sydney\/#primaryimage","url":"https:\/\/www.sea-international.com\/es\/wp-content\/uploads\/sites\/6\/2019\/07\/BLOG-NEWS-LATAM-02.jpg","contentUrl":"https:\/\/www.sea-international.com\/es\/wp-content\/uploads\/sites\/6\/2019\/07\/BLOG-NEWS-LATAM-02.jpg","width":800,"height":600},{"@type":"BreadcrumbList","@id":"https:\/\/www.sea-international.com\/es\/noticias-nueva-zelanda\/la-aerolinea-sudamericana-latam-retira-frecuencia-de-paradas-en-auckland-en-vuelo-santiago-sydney\/#breadcrumb","itemListElement":[{"@type":"ListItem","position":1,"name":"Home","item":"https:\/\/www.sea-international.com\/es\/"},{"@type":"ListItem","position":2,"name":"Noticias","item":"https:\/\/www.sea-international.com\/es\/noticias-nueva-zelanda\/category\/noticias\/"},{"@type":"ListItem","position":3,"name":"Latam retira frecuencia de paradas en Auckland en vuelo Santiago-Sydney"}]},{"@type":"WebSite","@id":"https:\/\/www.sea-international.com\/es\/#website","url":"https:\/\/www.sea-international.com\/es\/","name":"SEA INTERNATIONAL","description":"Immigration and education services","publisher":{"@id":"https:\/\/www.sea-international.com\/es\/#organization"},"potentialAction":[{"@type":"SearchAction","target":{"@type":"EntryPoint","urlTemplate":"https:\/\/www.sea-international.com\/es\/?s={search_term_string}"},"query-input":{"@type":"PropertyValueSpecification","valueRequired":true,"valueName":"search_term_string"}}],"inLanguage":"es"},{"@type":"Organization","@id":"https:\/\/www.sea-international.com\/es\/#organization","name":"SEA International","url":"https:\/\/www.sea-international.com\/es\/","logo":{"@type":"ImageObject","inLanguage":"es","@id":"https:\/\/www.sea-international.com\/es\/#\/schema\/logo\/image\/","url":"https:\/\/www.sea-international.com\/es\/wp-content\/uploads\/sites\/6\/2020\/11\/cropped-sea-international-logo.png","contentUrl":"https:\/\/www.sea-international.com\/es\/wp-content\/uploads\/sites\/6\/2020\/11\/cropped-sea-international-logo.png","width":487,"height":126,"caption":"SEA International"},"image":{"@id":"https:\/\/www.sea-international.com\/es\/#\/schema\/logo\/image\/"},"sameAs":["https:\/\/www.facebook.com\/seainternational\/","https:\/\/x.com\/SEAINTLATAM","https:\/\/twitter.com\/SEAINTLATAM","https:\/\/www.linkedin.com\/company\/seainternational\/","https:\/\/www.youtube.com\/user\/seaconz"]},{"@type":"Person","@id":"https:\/\/www.sea-international.com\/es\/#\/schema\/person\/2a8970510ca5cb53529437f6373555eb","name":"SEA International","image":{"@type":"ImageObject","inLanguage":"es","@id":"https:\/\/www.sea-international.com\/es\/#\/schema\/person\/image\/","url":"https:\/\/secure.gravatar.com\/avatar\/7e212389e0d252508c72d7b5a604656bc47e9b1704b5b20e887b3f47dce53962?s=96&d=mm&r=g","contentUrl":"https:\/\/secure.gravatar.com\/avatar\/7e212389e0d252508c72d7b5a604656bc47e9b1704b5b20e887b3f47dce53962?s=96&d=mm&r=g","caption":"SEA International"},"url":"https:\/\/www.sea-international.com\/es\/noticias-nueva-zelanda\/author\/carlos\/"}]}},"_links":{"self":[{"href":"https:\/\/www.sea-international.com\/es\/wp-json\/wp\/v2\/posts\/2036","targetHints":{"allow":["GET"]}}],"collection":[{"href":"https:\/\/www.sea-international.com\/es\/wp-json\/wp\/v2\/posts"}],"about":[{"href":"https:\/\/www.sea-international.com\/es\/wp-json\/wp\/v2\/types\/post"}],"author":[{"embeddable":true,"href":"https:\/\/www.sea-international.com\/es\/wp-json\/wp\/v2\/users\/1"}],"replies":[{"embeddable":true,"href":"https:\/\/www.sea-international.com\/es\/wp-json\/wp\/v2\/comments?post=2036"}],"version-history":[{"count":0,"href":"https:\/\/www.sea-international.com\/es\/wp-json\/wp\/v2\/posts\/2036\/revisions"}],"wp:featuredmedia":[{"embeddable":true,"href":"https:\/\/www.sea-international.com\/es\/wp-json\/wp\/v2\/media\/2120"}],"wp:attachment":[{"href":"https:\/\/www.sea-international.com\/es\/wp-json\/wp\/v2\/media?parent=2036"}],"wp:term":[{"taxonomy":"category","embeddable":true,"href":"https:\/\/www.sea-international.com\/es\/wp-json\/wp\/v2\/categories?post=2036"},{"taxonomy":"post_tag","embeddable":true,"href":"https:\/\/www.sea-international.com\/es\/wp-json\/wp\/v2\/tags?post=2036"}],"curies":[{"name":"wp","href":"https:\/\/api.w.org\/{rel}","templated":true}]}}