{"id":2171,"date":"2017-04-19T01:29:00","date_gmt":"2017-04-19T01:29:00","guid":{"rendered":"https:\/\/ibd.lau.mybluehost.me\/?p=2171"},"modified":"2020-10-22T01:32:21","modified_gmt":"2020-10-22T01:32:21","slug":"residencia-para-migrantes-en-la-isla-sur","status":"publish","type":"post","link":"https:\/\/www.sea-international.com\/es\/noticias-nueva-zelanda\/residencia-para-migrantes-en-la-isla-sur\/","title":{"rendered":"Residencia para migrantes en la isla sur"},"content":{"rendered":"\n<p id=\"viewer-foo\">El ministro de Inmigraci\u00f3n, Michael Woodhouse, anunci\u00f3 el pasado 18 de abril, como una oportunidad \u00fanica, la opci\u00f3n que tendr\u00e1n de aplicar a la residencia de Nueva Zelanda unos 4.000 trabajadores (long-term temporary migrant workers) y sus familias que viven en la Isla Sur.<\/p>\n\n\n\n<p id=\"viewer-1kgtv\">\u00ab<em>Ha habido un crecimiento significativo en el n\u00famero de migrantes temporales poco calificados en la Isla Sur que ayudan a suplir la escasez de mano de obra genuina y al mismo tiempo se han establecido bien aqu\u00ed\u00bb, &nbsp;sin embargo, debido a los actuales escenarios de migraci\u00f3n temporal, muchos de estos migrantes temporales poco calificados no cuentan con un camino hacia de residencia<\/em>\u201d dice Woodhouse.<\/p>\n\n\n\n<p id=\"viewer-190uk\">El anuncio cumple con su compromiso en 2015 de proporcionar a ese grupo de migrantes en la Isla Sur un camino hacia la residencia.<\/p>\n\n\n\n<p id=\"viewer-m790\">La pol\u00edtica permitir\u00e1 que los inmigrantes elegibles reciban una <strong>Work to Residence Temporary Visa<\/strong>, que les permitir\u00e1 aplicar a la residencia 2 a\u00f1os despu\u00e9s, siempre y cuando permanezcan en la misma industria y regi\u00f3n.<\/p>\n\n\n\n<p id=\"viewer-ajpl3\">Woodhouse comenta&nbsp;<\/p>\n\n\n\n<p id=\"viewer-89fiu\"><em>\u00abMuchos de estos migrantes ya est\u00e1n bien establecidos en Nueva Zelanda y contribuyen valiosamente a sus comunidades. El requisito de permanecer en la misma regi\u00f3n durante otros dos a\u00f1os despu\u00e9s de que se les conceda la residencia asegura que contin\u00fae el compromiso con la regi\u00f3n.<\/em><\/p>\n\n\n\n<p id=\"viewer-8cvcg\"><em>De igual manera, permitir\u00e1 a los empleadores retener una mano de obra calificada que ayude a satisfacer las necesidades de mercado de estas regiones\u201d.<\/em><\/p>\n\n\n\n<p id=\"viewer-aa7e3\"><em>\u00abMis colegas en la Isla del Sur han abogado en\u00e9rgicamente con sus electores durante el desarrollo de esta pol\u00edtica, por lo que me complace que el Gobierno haya podido cumplir el compromiso de permitir que este grupo de trabajadores migrantes permanezca en sus comunidades\u201d.<\/em><\/p>\n\n\n\n<p id=\"viewer-45u1m\"><strong>Para ser elegible, los titulares de visas temporales deben:<\/strong><\/p>\n\n\n\n<p id=\"viewer-4f5du\">Estar actualmente con una <strong>Essential Skills visa<\/strong> en la Isla Sur y haber estado en la Isla Sur por cinco a\u00f1os o m\u00e1s.<\/p>\n\n\n\n<p id=\"viewer-6mel2\">Tener menos de 56 a\u00f1os de edad<\/p>\n\n\n\n<p id=\"viewer-c2dsf\">Tener un empleo actual tiempo completo con pago acorde a la industria y el mercado y que sus empleadores no hayan tenido ning\u00fan inconveniente o registro negativo con Labour Inspectorate o Immigration New Zealand.<\/p>\n\n\n\n<p id=\"viewer-5updt\">Cumplir con los est\u00e1ndares de salud y antecedentes (character) para residencia. &nbsp;&nbsp;&nbsp;&nbsp;&nbsp;&nbsp;&nbsp;<\/p>\n\n\n\n<p id=\"viewer-6klc9\"><strong>Si cumples con los requisitos y deseas conocer tus opciones de aplicar a la residencia cont\u00e1ctanos para agenda un assessment migratorio.<\/strong> <a href=\"mailto:info@sea-international.com\"><strong><u>info@sea-international.com<\/u><\/strong><\/a><\/p>\n\n\n\n<p id=\"viewer-3pa8e\"><\/p>\n\n\n\n<div style=\"height:100px\" aria-hidden=\"true\" class=\"wp-block-spacer\"><\/div>\n\n\n","protected":false},"excerpt":{"rendered":"<p>El ministro de Inmigraci\u00f3n, Michael Woodhouse, anunci\u00f3 el pasado 18 de abril, como una oportunidad \u00fanica, la opci\u00f3n que tendr\u00e1n de aplicar a la residencia de Nueva Zelanda unos 4.000 trabajadores (long-term temporary migrant workers) y sus familias que viven en la Isla Sur. \u00abHa habido un crecimiento significativo en el n\u00famero de migrantes temporales [&hellip;]<\/p>\n","protected":false},"author":1,"featured_media":2173,"comment_status":"open","ping_status":"open","sticky":false,"template":"","format":"standard","meta":{"_acf_changed":false,"footnotes":""},"categories":[27],"tags":[],"class_list":["post-2171","post","type-post","status-publish","format-standard","has-post-thumbnail","hentry","category-noticias"],"acf":[],"yoast_head":"<!-- This site is optimized with the Yoast SEO Premium plugin v20.5 (Yoast SEO v26.4) - https:\/\/yoast.com\/wordpress\/plugins\/seo\/ -->\n<title>Residencia para migrantes en la isla sur - SEA INTERNATIONAL<\/title>\n<meta name=\"robots\" content=\"index, follow, max-snippet:-1, max-image-preview:large, max-video-preview:-1\" \/>\n<link rel=\"canonical\" href=\"https:\/\/www.sea-international.com\/es\/noticias-nueva-zelanda\/residencia-para-migrantes-en-la-isla-sur\/\" \/>\n<meta property=\"og:locale\" content=\"es_ES\" \/>\n<meta property=\"og:type\" content=\"article\" \/>\n<meta property=\"og:title\" content=\"Residencia para migrantes en la isla sur\" \/>\n<meta property=\"og:description\" content=\"El ministro de Inmigraci\u00f3n, Michael Woodhouse, anunci\u00f3 el pasado 18 de abril, como una oportunidad \u00fanica, la opci\u00f3n que tendr\u00e1n de aplicar a la residencia de Nueva Zelanda unos 4.000 trabajadores (long-term temporary migrant workers) y sus familias que viven en la Isla Sur. \u00abHa habido un crecimiento significativo en el n\u00famero de migrantes temporales [&hellip;]\" \/>\n<meta property=\"og:url\" content=\"https:\/\/www.sea-international.com\/es\/noticias-nueva-zelanda\/residencia-para-migrantes-en-la-isla-sur\/\" \/>\n<meta property=\"og:site_name\" content=\"SEA INTERNATIONAL\" \/>\n<meta property=\"article:publisher\" content=\"https:\/\/www.facebook.com\/seainternational\/\" \/>\n<meta property=\"article:published_time\" content=\"2017-04-19T01:29:00+00:00\" \/>\n<meta property=\"article:modified_time\" content=\"2020-10-22T01:32:21+00:00\" \/>\n<meta property=\"og:image\" content=\"https:\/\/www.sea-international.com\/es\/wp-content\/uploads\/sites\/6\/2020\/10\/BLOG-NEWS-residence-southisland-02.jpg\" \/>\n\t<meta property=\"og:image:width\" content=\"800\" \/>\n\t<meta property=\"og:image:height\" content=\"600\" \/>\n\t<meta property=\"og:image:type\" content=\"image\/jpeg\" \/>\n<meta name=\"author\" content=\"SEA International\" \/>\n<meta name=\"twitter:card\" content=\"summary_large_image\" \/>\n<meta name=\"twitter:creator\" content=\"@SEAINTLATAM\" \/>\n<meta name=\"twitter:site\" content=\"@SEAINTLATAM\" \/>\n<meta name=\"twitter:label1\" content=\"Escrito por\" \/>\n\t<meta name=\"twitter:data1\" content=\"SEA International\" \/>\n\t<meta name=\"twitter:label2\" content=\"Tiempo de lectura\" \/>\n\t<meta name=\"twitter:data2\" content=\"2 minutos\" \/>\n<script type=\"application\/ld+json\" class=\"yoast-schema-graph\">{\"@context\":\"https:\/\/schema.org\",\"@graph\":[{\"@type\":\"Article\",\"@id\":\"https:\/\/www.sea-international.com\/es\/noticias-nueva-zelanda\/residencia-para-migrantes-en-la-isla-sur\/#article\",\"isPartOf\":{\"@id\":\"https:\/\/www.sea-international.com\/es\/noticias-nueva-zelanda\/residencia-para-migrantes-en-la-isla-sur\/\"},\"author\":{\"name\":\"SEA International\",\"@id\":\"https:\/\/www.sea-international.com\/es\/#\/schema\/person\/2a8970510ca5cb53529437f6373555eb\"},\"headline\":\"Residencia para migrantes en la isla sur\",\"datePublished\":\"2017-04-19T01:29:00+00:00\",\"dateModified\":\"2020-10-22T01:32:21+00:00\",\"mainEntityOfPage\":{\"@id\":\"https:\/\/www.sea-international.com\/es\/noticias-nueva-zelanda\/residencia-para-migrantes-en-la-isla-sur\/\"},\"wordCount\":423,\"commentCount\":0,\"publisher\":{\"@id\":\"https:\/\/www.sea-international.com\/es\/#organization\"},\"image\":{\"@id\":\"https:\/\/www.sea-international.com\/es\/noticias-nueva-zelanda\/residencia-para-migrantes-en-la-isla-sur\/#primaryimage\"},\"thumbnailUrl\":\"https:\/\/www.sea-international.com\/es\/wp-content\/uploads\/sites\/6\/2020\/10\/BLOG-NEWS-residence-southisland-02.jpg\",\"articleSection\":[\"Noticias\"],\"inLanguage\":\"es\",\"potentialAction\":[{\"@type\":\"CommentAction\",\"name\":\"Comment\",\"target\":[\"https:\/\/www.sea-international.com\/es\/noticias-nueva-zelanda\/residencia-para-migrantes-en-la-isla-sur\/#respond\"]}]},{\"@type\":\"WebPage\",\"@id\":\"https:\/\/www.sea-international.com\/es\/noticias-nueva-zelanda\/residencia-para-migrantes-en-la-isla-sur\/\",\"url\":\"https:\/\/www.sea-international.com\/es\/noticias-nueva-zelanda\/residencia-para-migrantes-en-la-isla-sur\/\",\"name\":\"Residencia para migrantes en la isla sur - SEA INTERNATIONAL\",\"isPartOf\":{\"@id\":\"https:\/\/www.sea-international.com\/es\/#website\"},\"primaryImageOfPage\":{\"@id\":\"https:\/\/www.sea-international.com\/es\/noticias-nueva-zelanda\/residencia-para-migrantes-en-la-isla-sur\/#primaryimage\"},\"image\":{\"@id\":\"https:\/\/www.sea-international.com\/es\/noticias-nueva-zelanda\/residencia-para-migrantes-en-la-isla-sur\/#primaryimage\"},\"thumbnailUrl\":\"https:\/\/www.sea-international.com\/es\/wp-content\/uploads\/sites\/6\/2020\/10\/BLOG-NEWS-residence-southisland-02.jpg\",\"datePublished\":\"2017-04-19T01:29:00+00:00\",\"dateModified\":\"2020-10-22T01:32:21+00:00\",\"breadcrumb\":{\"@id\":\"https:\/\/www.sea-international.com\/es\/noticias-nueva-zelanda\/residencia-para-migrantes-en-la-isla-sur\/#breadcrumb\"},\"inLanguage\":\"es\",\"potentialAction\":[{\"@type\":\"ReadAction\",\"target\":[\"https:\/\/www.sea-international.com\/es\/noticias-nueva-zelanda\/residencia-para-migrantes-en-la-isla-sur\/\"]}]},{\"@type\":\"ImageObject\",\"inLanguage\":\"es\",\"@id\":\"https:\/\/www.sea-international.com\/es\/noticias-nueva-zelanda\/residencia-para-migrantes-en-la-isla-sur\/#primaryimage\",\"url\":\"https:\/\/www.sea-international.com\/es\/wp-content\/uploads\/sites\/6\/2020\/10\/BLOG-NEWS-residence-southisland-02.jpg\",\"contentUrl\":\"https:\/\/www.sea-international.com\/es\/wp-content\/uploads\/sites\/6\/2020\/10\/BLOG-NEWS-residence-southisland-02.jpg\",\"width\":800,\"height\":600},{\"@type\":\"BreadcrumbList\",\"@id\":\"https:\/\/www.sea-international.com\/es\/noticias-nueva-zelanda\/residencia-para-migrantes-en-la-isla-sur\/#breadcrumb\",\"itemListElement\":[{\"@type\":\"ListItem\",\"position\":1,\"name\":\"Home\",\"item\":\"https:\/\/www.sea-international.com\/es\/\"},{\"@type\":\"ListItem\",\"position\":2,\"name\":\"Noticias\",\"item\":\"https:\/\/www.sea-international.com\/es\/noticias-nueva-zelanda\/category\/noticias\/\"},{\"@type\":\"ListItem\",\"position\":3,\"name\":\"Residencia para migrantes en la isla sur\"}]},{\"@type\":\"WebSite\",\"@id\":\"https:\/\/www.sea-international.com\/es\/#website\",\"url\":\"https:\/\/www.sea-international.com\/es\/\",\"name\":\"SEA INTERNATIONAL\",\"description\":\"Immigration and education services\",\"publisher\":{\"@id\":\"https:\/\/www.sea-international.com\/es\/#organization\"},\"potentialAction\":[{\"@type\":\"SearchAction\",\"target\":{\"@type\":\"EntryPoint\",\"urlTemplate\":\"https:\/\/www.sea-international.com\/es\/?s={search_term_string}\"},\"query-input\":{\"@type\":\"PropertyValueSpecification\",\"valueRequired\":true,\"valueName\":\"search_term_string\"}}],\"inLanguage\":\"es\"},{\"@type\":\"Organization\",\"@id\":\"https:\/\/www.sea-international.com\/es\/#organization\",\"name\":\"SEA International\",\"url\":\"https:\/\/www.sea-international.com\/es\/\",\"logo\":{\"@type\":\"ImageObject\",\"inLanguage\":\"es\",\"@id\":\"https:\/\/www.sea-international.com\/es\/#\/schema\/logo\/image\/\",\"url\":\"https:\/\/www.sea-international.com\/es\/wp-content\/uploads\/sites\/6\/2020\/11\/cropped-sea-international-logo.png\",\"contentUrl\":\"https:\/\/www.sea-international.com\/es\/wp-content\/uploads\/sites\/6\/2020\/11\/cropped-sea-international-logo.png\",\"width\":487,\"height\":126,\"caption\":\"SEA International\"},\"image\":{\"@id\":\"https:\/\/www.sea-international.com\/es\/#\/schema\/logo\/image\/\"},\"sameAs\":[\"https:\/\/www.facebook.com\/seainternational\/\",\"https:\/\/x.com\/SEAINTLATAM\",\"https:\/\/twitter.com\/SEAINTLATAM\",\"https:\/\/www.linkedin.com\/company\/seainternational\/\",\"https:\/\/www.youtube.com\/user\/seaconz\"]},{\"@type\":\"Person\",\"@id\":\"https:\/\/www.sea-international.com\/es\/#\/schema\/person\/2a8970510ca5cb53529437f6373555eb\",\"name\":\"SEA International\",\"image\":{\"@type\":\"ImageObject\",\"inLanguage\":\"es\",\"@id\":\"https:\/\/www.sea-international.com\/es\/#\/schema\/person\/image\/\",\"url\":\"https:\/\/secure.gravatar.com\/avatar\/7e212389e0d252508c72d7b5a604656bc47e9b1704b5b20e887b3f47dce53962?s=96&d=mm&r=g\",\"contentUrl\":\"https:\/\/secure.gravatar.com\/avatar\/7e212389e0d252508c72d7b5a604656bc47e9b1704b5b20e887b3f47dce53962?s=96&d=mm&r=g\",\"caption\":\"SEA International\"},\"url\":\"https:\/\/www.sea-international.com\/es\/noticias-nueva-zelanda\/author\/carlos\/\"}]}<\/script>\n<!-- \/ Yoast SEO Premium plugin. -->","yoast_head_json":{"title":"Residencia para migrantes en la isla sur - SEA INTERNATIONAL","robots":{"index":"index","follow":"follow","max-snippet":"max-snippet:-1","max-image-preview":"max-image-preview:large","max-video-preview":"max-video-preview:-1"},"canonical":"https:\/\/www.sea-international.com\/es\/noticias-nueva-zelanda\/residencia-para-migrantes-en-la-isla-sur\/","og_locale":"es_ES","og_type":"article","og_title":"Residencia para migrantes en la isla sur","og_description":"El ministro de Inmigraci\u00f3n, Michael Woodhouse, anunci\u00f3 el pasado 18 de abril, como una oportunidad \u00fanica, la opci\u00f3n que tendr\u00e1n de aplicar a la residencia de Nueva Zelanda unos 4.000 trabajadores (long-term temporary migrant workers) y sus familias que viven en la Isla Sur. \u00abHa habido un crecimiento significativo en el n\u00famero de migrantes temporales [&hellip;]","og_url":"https:\/\/www.sea-international.com\/es\/noticias-nueva-zelanda\/residencia-para-migrantes-en-la-isla-sur\/","og_site_name":"SEA INTERNATIONAL","article_publisher":"https:\/\/www.facebook.com\/seainternational\/","article_published_time":"2017-04-19T01:29:00+00:00","article_modified_time":"2020-10-22T01:32:21+00:00","og_image":[{"width":800,"height":600,"url":"https:\/\/www.sea-international.com\/es\/wp-content\/uploads\/sites\/6\/2020\/10\/BLOG-NEWS-residence-southisland-02.jpg","type":"image\/jpeg"}],"author":"SEA International","twitter_card":"summary_large_image","twitter_creator":"@SEAINTLATAM","twitter_site":"@SEAINTLATAM","twitter_misc":{"Escrito por":"SEA International","Tiempo de lectura":"2 minutos"},"schema":{"@context":"https:\/\/schema.org","@graph":[{"@type":"Article","@id":"https:\/\/www.sea-international.com\/es\/noticias-nueva-zelanda\/residencia-para-migrantes-en-la-isla-sur\/#article","isPartOf":{"@id":"https:\/\/www.sea-international.com\/es\/noticias-nueva-zelanda\/residencia-para-migrantes-en-la-isla-sur\/"},"author":{"name":"SEA International","@id":"https:\/\/www.sea-international.com\/es\/#\/schema\/person\/2a8970510ca5cb53529437f6373555eb"},"headline":"Residencia para migrantes en la isla sur","datePublished":"2017-04-19T01:29:00+00:00","dateModified":"2020-10-22T01:32:21+00:00","mainEntityOfPage":{"@id":"https:\/\/www.sea-international.com\/es\/noticias-nueva-zelanda\/residencia-para-migrantes-en-la-isla-sur\/"},"wordCount":423,"commentCount":0,"publisher":{"@id":"https:\/\/www.sea-international.com\/es\/#organization"},"image":{"@id":"https:\/\/www.sea-international.com\/es\/noticias-nueva-zelanda\/residencia-para-migrantes-en-la-isla-sur\/#primaryimage"},"thumbnailUrl":"https:\/\/www.sea-international.com\/es\/wp-content\/uploads\/sites\/6\/2020\/10\/BLOG-NEWS-residence-southisland-02.jpg","articleSection":["Noticias"],"inLanguage":"es","potentialAction":[{"@type":"CommentAction","name":"Comment","target":["https:\/\/www.sea-international.com\/es\/noticias-nueva-zelanda\/residencia-para-migrantes-en-la-isla-sur\/#respond"]}]},{"@type":"WebPage","@id":"https:\/\/www.sea-international.com\/es\/noticias-nueva-zelanda\/residencia-para-migrantes-en-la-isla-sur\/","url":"https:\/\/www.sea-international.com\/es\/noticias-nueva-zelanda\/residencia-para-migrantes-en-la-isla-sur\/","name":"Residencia para migrantes en la isla sur - SEA INTERNATIONAL","isPartOf":{"@id":"https:\/\/www.sea-international.com\/es\/#website"},"primaryImageOfPage":{"@id":"https:\/\/www.sea-international.com\/es\/noticias-nueva-zelanda\/residencia-para-migrantes-en-la-isla-sur\/#primaryimage"},"image":{"@id":"https:\/\/www.sea-international.com\/es\/noticias-nueva-zelanda\/residencia-para-migrantes-en-la-isla-sur\/#primaryimage"},"thumbnailUrl":"https:\/\/www.sea-international.com\/es\/wp-content\/uploads\/sites\/6\/2020\/10\/BLOG-NEWS-residence-southisland-02.jpg","datePublished":"2017-04-19T01:29:00+00:00","dateModified":"2020-10-22T01:32:21+00:00","breadcrumb":{"@id":"https:\/\/www.sea-international.com\/es\/noticias-nueva-zelanda\/residencia-para-migrantes-en-la-isla-sur\/#breadcrumb"},"inLanguage":"es","potentialAction":[{"@type":"ReadAction","target":["https:\/\/www.sea-international.com\/es\/noticias-nueva-zelanda\/residencia-para-migrantes-en-la-isla-sur\/"]}]},{"@type":"ImageObject","inLanguage":"es","@id":"https:\/\/www.sea-international.com\/es\/noticias-nueva-zelanda\/residencia-para-migrantes-en-la-isla-sur\/#primaryimage","url":"https:\/\/www.sea-international.com\/es\/wp-content\/uploads\/sites\/6\/2020\/10\/BLOG-NEWS-residence-southisland-02.jpg","contentUrl":"https:\/\/www.sea-international.com\/es\/wp-content\/uploads\/sites\/6\/2020\/10\/BLOG-NEWS-residence-southisland-02.jpg","width":800,"height":600},{"@type":"BreadcrumbList","@id":"https:\/\/www.sea-international.com\/es\/noticias-nueva-zelanda\/residencia-para-migrantes-en-la-isla-sur\/#breadcrumb","itemListElement":[{"@type":"ListItem","position":1,"name":"Home","item":"https:\/\/www.sea-international.com\/es\/"},{"@type":"ListItem","position":2,"name":"Noticias","item":"https:\/\/www.sea-international.com\/es\/noticias-nueva-zelanda\/category\/noticias\/"},{"@type":"ListItem","position":3,"name":"Residencia para migrantes en la isla sur"}]},{"@type":"WebSite","@id":"https:\/\/www.sea-international.com\/es\/#website","url":"https:\/\/www.sea-international.com\/es\/","name":"SEA INTERNATIONAL","description":"Immigration and education services","publisher":{"@id":"https:\/\/www.sea-international.com\/es\/#organization"},"potentialAction":[{"@type":"SearchAction","target":{"@type":"EntryPoint","urlTemplate":"https:\/\/www.sea-international.com\/es\/?s={search_term_string}"},"query-input":{"@type":"PropertyValueSpecification","valueRequired":true,"valueName":"search_term_string"}}],"inLanguage":"es"},{"@type":"Organization","@id":"https:\/\/www.sea-international.com\/es\/#organization","name":"SEA International","url":"https:\/\/www.sea-international.com\/es\/","logo":{"@type":"ImageObject","inLanguage":"es","@id":"https:\/\/www.sea-international.com\/es\/#\/schema\/logo\/image\/","url":"https:\/\/www.sea-international.com\/es\/wp-content\/uploads\/sites\/6\/2020\/11\/cropped-sea-international-logo.png","contentUrl":"https:\/\/www.sea-international.com\/es\/wp-content\/uploads\/sites\/6\/2020\/11\/cropped-sea-international-logo.png","width":487,"height":126,"caption":"SEA International"},"image":{"@id":"https:\/\/www.sea-international.com\/es\/#\/schema\/logo\/image\/"},"sameAs":["https:\/\/www.facebook.com\/seainternational\/","https:\/\/x.com\/SEAINTLATAM","https:\/\/twitter.com\/SEAINTLATAM","https:\/\/www.linkedin.com\/company\/seainternational\/","https:\/\/www.youtube.com\/user\/seaconz"]},{"@type":"Person","@id":"https:\/\/www.sea-international.com\/es\/#\/schema\/person\/2a8970510ca5cb53529437f6373555eb","name":"SEA International","image":{"@type":"ImageObject","inLanguage":"es","@id":"https:\/\/www.sea-international.com\/es\/#\/schema\/person\/image\/","url":"https:\/\/secure.gravatar.com\/avatar\/7e212389e0d252508c72d7b5a604656bc47e9b1704b5b20e887b3f47dce53962?s=96&d=mm&r=g","contentUrl":"https:\/\/secure.gravatar.com\/avatar\/7e212389e0d252508c72d7b5a604656bc47e9b1704b5b20e887b3f47dce53962?s=96&d=mm&r=g","caption":"SEA International"},"url":"https:\/\/www.sea-international.com\/es\/noticias-nueva-zelanda\/author\/carlos\/"}]}},"_links":{"self":[{"href":"https:\/\/www.sea-international.com\/es\/wp-json\/wp\/v2\/posts\/2171","targetHints":{"allow":["GET"]}}],"collection":[{"href":"https:\/\/www.sea-international.com\/es\/wp-json\/wp\/v2\/posts"}],"about":[{"href":"https:\/\/www.sea-international.com\/es\/wp-json\/wp\/v2\/types\/post"}],"author":[{"embeddable":true,"href":"https:\/\/www.sea-international.com\/es\/wp-json\/wp\/v2\/users\/1"}],"replies":[{"embeddable":true,"href":"https:\/\/www.sea-international.com\/es\/wp-json\/wp\/v2\/comments?post=2171"}],"version-history":[{"count":0,"href":"https:\/\/www.sea-international.com\/es\/wp-json\/wp\/v2\/posts\/2171\/revisions"}],"wp:featuredmedia":[{"embeddable":true,"href":"https:\/\/www.sea-international.com\/es\/wp-json\/wp\/v2\/media\/2173"}],"wp:attachment":[{"href":"https:\/\/www.sea-international.com\/es\/wp-json\/wp\/v2\/media?parent=2171"}],"wp:term":[{"taxonomy":"category","embeddable":true,"href":"https:\/\/www.sea-international.com\/es\/wp-json\/wp\/v2\/categories?post=2171"},{"taxonomy":"post_tag","embeddable":true,"href":"https:\/\/www.sea-international.com\/es\/wp-json\/wp\/v2\/tags?post=2171"}],"curies":[{"name":"wp","href":"https:\/\/api.w.org\/{rel}","templated":true}]}}