{"id":2351,"date":"2020-10-29T04:59:09","date_gmt":"2020-10-28T16:59:09","guid":{"rendered":"https:\/\/www.sea-international.com\/es\/?p=2351"},"modified":"2021-11-30T10:04:43","modified_gmt":"2021-11-29T22:04:43","slug":"aplazamiento-para-la-aplicacion-a-visas-temporales-fuera-de-nz","status":"publish","type":"post","link":"https:\/\/www.sea-international.com\/es\/noticias-nueva-zelanda\/aplazamiento-para-la-aplicacion-a-visas-temporales-fuera-de-nz\/","title":{"rendered":"Extensi\u00f3n de aplazamiento para la aplicaci\u00f3n a visas temporales para personas fuera de Nueva Zelanda"},"content":{"rendered":"\n<p>INZ anunci\u00f3 hoy que extender\u00e1 la suspensi\u00f3n inicial de 3 meses que se hab\u00eda pronunciado  sobre la aplicaci\u00f3n a visados temporales de personas que se encuentran fuera de NZ y que se completaba en Noviembre del presente a\u00f1o. Esto est\u00e1 directamente ligado al cierre de fronteras ya que los organismos gubernamentales han sido muy claros en que no tiene sentido permitir que la gente aplique sabiendo que no van a poder procesar sus solicitudes e ingresar al pa\u00eds. <\/p>\n\n\n\n<p>La nueva fecha que han dado es<strong> Febrero de 2021.<\/strong> Esta suspensi\u00f3n es revisada cada mes. <\/p>\n\n\n\n<p>Cabe resaltar que hay algunas categor\u00edas que no ser\u00e1n afectadas por esta medida:<\/p>\n\n\n\n<ul class=\"wp-block-list\"><li>visas basadas en relaciones para parejas e hijos dependientes de ciudadanos y residentes de Nueva Zelanda<\/li><li>visas para el personal diplom\u00e1tico, consular y oficial y los dependientes acompa\u00f1antes<\/li><li>Visas de visitante de viajero ant\u00e1rtico y visas de trabajo ant\u00e1rtico<\/li><li>Visas limitadas de empleador estacional reconocido (RSE).<\/li><\/ul>\n\n\n\n<p>existen adem\u00e1s otras excepciones como critical workers o personas que tienen vigente una visa de trabajo pero que quedaron por fuera con el cierre de fronteras.<\/p>\n\n\n\n<p>Si necesitas ayuda para que revisemos tu caso y evaluar las posibilidades de aplicar a una excepci\u00f3n de entrada, podemos asesorarte! <a href=\"https:\/\/www.sea-international.com\/es\/contactanos\/\" target=\"_blank\" rel=\"noreferrer noopener\">cont\u00e1ctanos<\/a><\/p>\n\n\n\n<p><\/p>\n\n\n\n<div style=\"height:100px\" aria-hidden=\"true\" class=\"wp-block-spacer\"><\/div>\n\n\n","protected":false},"excerpt":{"rendered":"<p>INZ anunci\u00f3 hoy que extender\u00e1 la suspensi\u00f3n inicial de 3 meses que se hab\u00eda pronunciado sobre la aplicaci\u00f3n a visados temporales de personas que se encuentran fuera de NZ y que se completaba en Noviembre del presente a\u00f1o. Esto est\u00e1 directamente ligado al cierre de fronteras ya que los organismos gubernamentales han sido muy claros [&hellip;]<\/p>\n","protected":false},"author":1,"featured_media":2078,"comment_status":"open","ping_status":"open","sticky":false,"template":"","format":"standard","meta":{"_acf_changed":false,"footnotes":""},"categories":[18],"tags":[111,80],"class_list":["post-2351","post","type-post","status-publish","format-standard","has-post-thumbnail","hentry","category-migracion","tag-visas","tag-visas-en-nueva-zelanda"],"acf":[],"yoast_head":"<!-- This site is optimized with the Yoast SEO Premium plugin v20.5 (Yoast SEO v26.4) - https:\/\/yoast.com\/wordpress\/plugins\/seo\/ -->\n<title>Extensi\u00f3n de aplazamiento para la aplicaci\u00f3n a visas temporales para personas fuera de Nueva Zelanda - SEA INTERNATIONAL<\/title>\n<meta name=\"robots\" content=\"index, follow, max-snippet:-1, max-image-preview:large, max-video-preview:-1\" \/>\n<link rel=\"canonical\" href=\"https:\/\/www.sea-international.com\/es\/noticias-nueva-zelanda\/aplazamiento-para-la-aplicacion-a-visas-temporales-fuera-de-nz\/\" \/>\n<meta property=\"og:locale\" content=\"es_ES\" \/>\n<meta property=\"og:type\" content=\"article\" \/>\n<meta property=\"og:title\" content=\"Extensi\u00f3n de aplazamiento para la aplicaci\u00f3n a visas temporales para personas fuera de Nueva Zelanda\" \/>\n<meta property=\"og:description\" content=\"INZ anunci\u00f3 hoy que extender\u00e1 la suspensi\u00f3n inicial de 3 meses que se hab\u00eda pronunciado sobre la aplicaci\u00f3n a visados temporales de personas que se encuentran fuera de NZ y que se completaba en Noviembre del presente a\u00f1o. Esto est\u00e1 directamente ligado al cierre de fronteras ya que los organismos gubernamentales han sido muy claros [&hellip;]\" \/>\n<meta property=\"og:url\" content=\"https:\/\/www.sea-international.com\/es\/noticias-nueva-zelanda\/aplazamiento-para-la-aplicacion-a-visas-temporales-fuera-de-nz\/\" \/>\n<meta property=\"og:site_name\" content=\"SEA INTERNATIONAL\" \/>\n<meta property=\"article:publisher\" content=\"https:\/\/www.facebook.com\/seainternational\/\" \/>\n<meta property=\"article:published_time\" content=\"2020-10-28T16:59:09+00:00\" \/>\n<meta property=\"article:modified_time\" content=\"2021-11-29T22:04:43+00:00\" \/>\n<meta property=\"og:image\" content=\"https:\/\/www.sea-international.com\/es\/wp-content\/uploads\/sites\/6\/2020\/10\/BLOG-IMMIGRATION-UPDATES-01.jpg\" \/>\n\t<meta property=\"og:image:width\" content=\"800\" \/>\n\t<meta property=\"og:image:height\" content=\"600\" \/>\n\t<meta property=\"og:image:type\" content=\"image\/jpeg\" \/>\n<meta name=\"author\" content=\"SEA International\" \/>\n<meta name=\"twitter:card\" content=\"summary_large_image\" \/>\n<meta name=\"twitter:creator\" content=\"@SEAINTLATAM\" \/>\n<meta name=\"twitter:site\" content=\"@SEAINTLATAM\" \/>\n<meta name=\"twitter:label1\" content=\"Escrito por\" \/>\n\t<meta name=\"twitter:data1\" content=\"SEA International\" \/>\n\t<meta name=\"twitter:label2\" content=\"Tiempo de lectura\" \/>\n\t<meta name=\"twitter:data2\" content=\"1 minuto\" \/>\n<script type=\"application\/ld+json\" class=\"yoast-schema-graph\">{\"@context\":\"https:\/\/schema.org\",\"@graph\":[{\"@type\":\"Article\",\"@id\":\"https:\/\/www.sea-international.com\/es\/noticias-nueva-zelanda\/aplazamiento-para-la-aplicacion-a-visas-temporales-fuera-de-nz\/#article\",\"isPartOf\":{\"@id\":\"https:\/\/www.sea-international.com\/es\/noticias-nueva-zelanda\/aplazamiento-para-la-aplicacion-a-visas-temporales-fuera-de-nz\/\"},\"author\":{\"name\":\"SEA International\",\"@id\":\"https:\/\/www.sea-international.com\/es\/#\/schema\/person\/2a8970510ca5cb53529437f6373555eb\"},\"headline\":\"Extensi\u00f3n de aplazamiento para la aplicaci\u00f3n a visas temporales para personas fuera de Nueva Zelanda\",\"datePublished\":\"2020-10-28T16:59:09+00:00\",\"dateModified\":\"2021-11-29T22:04:43+00:00\",\"mainEntityOfPage\":{\"@id\":\"https:\/\/www.sea-international.com\/es\/noticias-nueva-zelanda\/aplazamiento-para-la-aplicacion-a-visas-temporales-fuera-de-nz\/\"},\"wordCount\":231,\"commentCount\":0,\"publisher\":{\"@id\":\"https:\/\/www.sea-international.com\/es\/#organization\"},\"image\":{\"@id\":\"https:\/\/www.sea-international.com\/es\/noticias-nueva-zelanda\/aplazamiento-para-la-aplicacion-a-visas-temporales-fuera-de-nz\/#primaryimage\"},\"thumbnailUrl\":\"https:\/\/www.sea-international.com\/es\/wp-content\/uploads\/sites\/6\/2020\/10\/BLOG-IMMIGRATION-UPDATES-01.jpg\",\"keywords\":[\"visas\",\"visas en nueva zelanda\"],\"articleSection\":[\"Migraci\u00f3n\"],\"inLanguage\":\"es\",\"potentialAction\":[{\"@type\":\"CommentAction\",\"name\":\"Comment\",\"target\":[\"https:\/\/www.sea-international.com\/es\/noticias-nueva-zelanda\/aplazamiento-para-la-aplicacion-a-visas-temporales-fuera-de-nz\/#respond\"]}]},{\"@type\":\"WebPage\",\"@id\":\"https:\/\/www.sea-international.com\/es\/noticias-nueva-zelanda\/aplazamiento-para-la-aplicacion-a-visas-temporales-fuera-de-nz\/\",\"url\":\"https:\/\/www.sea-international.com\/es\/noticias-nueva-zelanda\/aplazamiento-para-la-aplicacion-a-visas-temporales-fuera-de-nz\/\",\"name\":\"Extensi\u00f3n de aplazamiento para la aplicaci\u00f3n a visas temporales para personas fuera de Nueva Zelanda - SEA INTERNATIONAL\",\"isPartOf\":{\"@id\":\"https:\/\/www.sea-international.com\/es\/#website\"},\"primaryImageOfPage\":{\"@id\":\"https:\/\/www.sea-international.com\/es\/noticias-nueva-zelanda\/aplazamiento-para-la-aplicacion-a-visas-temporales-fuera-de-nz\/#primaryimage\"},\"image\":{\"@id\":\"https:\/\/www.sea-international.com\/es\/noticias-nueva-zelanda\/aplazamiento-para-la-aplicacion-a-visas-temporales-fuera-de-nz\/#primaryimage\"},\"thumbnailUrl\":\"https:\/\/www.sea-international.com\/es\/wp-content\/uploads\/sites\/6\/2020\/10\/BLOG-IMMIGRATION-UPDATES-01.jpg\",\"datePublished\":\"2020-10-28T16:59:09+00:00\",\"dateModified\":\"2021-11-29T22:04:43+00:00\",\"breadcrumb\":{\"@id\":\"https:\/\/www.sea-international.com\/es\/noticias-nueva-zelanda\/aplazamiento-para-la-aplicacion-a-visas-temporales-fuera-de-nz\/#breadcrumb\"},\"inLanguage\":\"es\",\"potentialAction\":[{\"@type\":\"ReadAction\",\"target\":[\"https:\/\/www.sea-international.com\/es\/noticias-nueva-zelanda\/aplazamiento-para-la-aplicacion-a-visas-temporales-fuera-de-nz\/\"]}]},{\"@type\":\"ImageObject\",\"inLanguage\":\"es\",\"@id\":\"https:\/\/www.sea-international.com\/es\/noticias-nueva-zelanda\/aplazamiento-para-la-aplicacion-a-visas-temporales-fuera-de-nz\/#primaryimage\",\"url\":\"https:\/\/www.sea-international.com\/es\/wp-content\/uploads\/sites\/6\/2020\/10\/BLOG-IMMIGRATION-UPDATES-01.jpg\",\"contentUrl\":\"https:\/\/www.sea-international.com\/es\/wp-content\/uploads\/sites\/6\/2020\/10\/BLOG-IMMIGRATION-UPDATES-01.jpg\",\"width\":800,\"height\":600},{\"@type\":\"BreadcrumbList\",\"@id\":\"https:\/\/www.sea-international.com\/es\/noticias-nueva-zelanda\/aplazamiento-para-la-aplicacion-a-visas-temporales-fuera-de-nz\/#breadcrumb\",\"itemListElement\":[{\"@type\":\"ListItem\",\"position\":1,\"name\":\"Home\",\"item\":\"https:\/\/www.sea-international.com\/es\/\"},{\"@type\":\"ListItem\",\"position\":2,\"name\":\"Migraci\u00f3n\",\"item\":\"https:\/\/www.sea-international.com\/es\/noticias-nueva-zelanda\/category\/migracion\/\"},{\"@type\":\"ListItem\",\"position\":3,\"name\":\"Extensi\u00f3n de aplazamiento para la aplicaci\u00f3n a visas temporales para personas fuera de Nueva Zelanda\"}]},{\"@type\":\"WebSite\",\"@id\":\"https:\/\/www.sea-international.com\/es\/#website\",\"url\":\"https:\/\/www.sea-international.com\/es\/\",\"name\":\"SEA INTERNATIONAL\",\"description\":\"Immigration and education services\",\"publisher\":{\"@id\":\"https:\/\/www.sea-international.com\/es\/#organization\"},\"potentialAction\":[{\"@type\":\"SearchAction\",\"target\":{\"@type\":\"EntryPoint\",\"urlTemplate\":\"https:\/\/www.sea-international.com\/es\/?s={search_term_string}\"},\"query-input\":{\"@type\":\"PropertyValueSpecification\",\"valueRequired\":true,\"valueName\":\"search_term_string\"}}],\"inLanguage\":\"es\"},{\"@type\":\"Organization\",\"@id\":\"https:\/\/www.sea-international.com\/es\/#organization\",\"name\":\"SEA International\",\"url\":\"https:\/\/www.sea-international.com\/es\/\",\"logo\":{\"@type\":\"ImageObject\",\"inLanguage\":\"es\",\"@id\":\"https:\/\/www.sea-international.com\/es\/#\/schema\/logo\/image\/\",\"url\":\"https:\/\/www.sea-international.com\/es\/wp-content\/uploads\/sites\/6\/2020\/11\/cropped-sea-international-logo.png\",\"contentUrl\":\"https:\/\/www.sea-international.com\/es\/wp-content\/uploads\/sites\/6\/2020\/11\/cropped-sea-international-logo.png\",\"width\":487,\"height\":126,\"caption\":\"SEA International\"},\"image\":{\"@id\":\"https:\/\/www.sea-international.com\/es\/#\/schema\/logo\/image\/\"},\"sameAs\":[\"https:\/\/www.facebook.com\/seainternational\/\",\"https:\/\/x.com\/SEAINTLATAM\",\"https:\/\/twitter.com\/SEAINTLATAM\",\"https:\/\/www.linkedin.com\/company\/seainternational\/\",\"https:\/\/www.youtube.com\/user\/seaconz\"]},{\"@type\":\"Person\",\"@id\":\"https:\/\/www.sea-international.com\/es\/#\/schema\/person\/2a8970510ca5cb53529437f6373555eb\",\"name\":\"SEA International\",\"image\":{\"@type\":\"ImageObject\",\"inLanguage\":\"es\",\"@id\":\"https:\/\/www.sea-international.com\/es\/#\/schema\/person\/image\/\",\"url\":\"https:\/\/secure.gravatar.com\/avatar\/7e212389e0d252508c72d7b5a604656bc47e9b1704b5b20e887b3f47dce53962?s=96&d=mm&r=g\",\"contentUrl\":\"https:\/\/secure.gravatar.com\/avatar\/7e212389e0d252508c72d7b5a604656bc47e9b1704b5b20e887b3f47dce53962?s=96&d=mm&r=g\",\"caption\":\"SEA International\"},\"url\":\"https:\/\/www.sea-international.com\/es\/noticias-nueva-zelanda\/author\/carlos\/\"}]}<\/script>\n<!-- \/ Yoast SEO Premium plugin. -->","yoast_head_json":{"title":"Extensi\u00f3n de aplazamiento para la aplicaci\u00f3n a visas temporales para personas fuera de Nueva Zelanda - SEA INTERNATIONAL","robots":{"index":"index","follow":"follow","max-snippet":"max-snippet:-1","max-image-preview":"max-image-preview:large","max-video-preview":"max-video-preview:-1"},"canonical":"https:\/\/www.sea-international.com\/es\/noticias-nueva-zelanda\/aplazamiento-para-la-aplicacion-a-visas-temporales-fuera-de-nz\/","og_locale":"es_ES","og_type":"article","og_title":"Extensi\u00f3n de aplazamiento para la aplicaci\u00f3n a visas temporales para personas fuera de Nueva Zelanda","og_description":"INZ anunci\u00f3 hoy que extender\u00e1 la suspensi\u00f3n inicial de 3 meses que se hab\u00eda pronunciado sobre la aplicaci\u00f3n a visados temporales de personas que se encuentran fuera de NZ y que se completaba en Noviembre del presente a\u00f1o. Esto est\u00e1 directamente ligado al cierre de fronteras ya que los organismos gubernamentales han sido muy claros [&hellip;]","og_url":"https:\/\/www.sea-international.com\/es\/noticias-nueva-zelanda\/aplazamiento-para-la-aplicacion-a-visas-temporales-fuera-de-nz\/","og_site_name":"SEA INTERNATIONAL","article_publisher":"https:\/\/www.facebook.com\/seainternational\/","article_published_time":"2020-10-28T16:59:09+00:00","article_modified_time":"2021-11-29T22:04:43+00:00","og_image":[{"width":800,"height":600,"url":"https:\/\/www.sea-international.com\/es\/wp-content\/uploads\/sites\/6\/2020\/10\/BLOG-IMMIGRATION-UPDATES-01.jpg","type":"image\/jpeg"}],"author":"SEA International","twitter_card":"summary_large_image","twitter_creator":"@SEAINTLATAM","twitter_site":"@SEAINTLATAM","twitter_misc":{"Escrito por":"SEA International","Tiempo de lectura":"1 minuto"},"schema":{"@context":"https:\/\/schema.org","@graph":[{"@type":"Article","@id":"https:\/\/www.sea-international.com\/es\/noticias-nueva-zelanda\/aplazamiento-para-la-aplicacion-a-visas-temporales-fuera-de-nz\/#article","isPartOf":{"@id":"https:\/\/www.sea-international.com\/es\/noticias-nueva-zelanda\/aplazamiento-para-la-aplicacion-a-visas-temporales-fuera-de-nz\/"},"author":{"name":"SEA International","@id":"https:\/\/www.sea-international.com\/es\/#\/schema\/person\/2a8970510ca5cb53529437f6373555eb"},"headline":"Extensi\u00f3n de aplazamiento para la aplicaci\u00f3n a visas temporales para personas fuera de Nueva Zelanda","datePublished":"2020-10-28T16:59:09+00:00","dateModified":"2021-11-29T22:04:43+00:00","mainEntityOfPage":{"@id":"https:\/\/www.sea-international.com\/es\/noticias-nueva-zelanda\/aplazamiento-para-la-aplicacion-a-visas-temporales-fuera-de-nz\/"},"wordCount":231,"commentCount":0,"publisher":{"@id":"https:\/\/www.sea-international.com\/es\/#organization"},"image":{"@id":"https:\/\/www.sea-international.com\/es\/noticias-nueva-zelanda\/aplazamiento-para-la-aplicacion-a-visas-temporales-fuera-de-nz\/#primaryimage"},"thumbnailUrl":"https:\/\/www.sea-international.com\/es\/wp-content\/uploads\/sites\/6\/2020\/10\/BLOG-IMMIGRATION-UPDATES-01.jpg","keywords":["visas","visas en nueva zelanda"],"articleSection":["Migraci\u00f3n"],"inLanguage":"es","potentialAction":[{"@type":"CommentAction","name":"Comment","target":["https:\/\/www.sea-international.com\/es\/noticias-nueva-zelanda\/aplazamiento-para-la-aplicacion-a-visas-temporales-fuera-de-nz\/#respond"]}]},{"@type":"WebPage","@id":"https:\/\/www.sea-international.com\/es\/noticias-nueva-zelanda\/aplazamiento-para-la-aplicacion-a-visas-temporales-fuera-de-nz\/","url":"https:\/\/www.sea-international.com\/es\/noticias-nueva-zelanda\/aplazamiento-para-la-aplicacion-a-visas-temporales-fuera-de-nz\/","name":"Extensi\u00f3n de aplazamiento para la aplicaci\u00f3n a visas temporales para personas fuera de Nueva Zelanda - SEA INTERNATIONAL","isPartOf":{"@id":"https:\/\/www.sea-international.com\/es\/#website"},"primaryImageOfPage":{"@id":"https:\/\/www.sea-international.com\/es\/noticias-nueva-zelanda\/aplazamiento-para-la-aplicacion-a-visas-temporales-fuera-de-nz\/#primaryimage"},"image":{"@id":"https:\/\/www.sea-international.com\/es\/noticias-nueva-zelanda\/aplazamiento-para-la-aplicacion-a-visas-temporales-fuera-de-nz\/#primaryimage"},"thumbnailUrl":"https:\/\/www.sea-international.com\/es\/wp-content\/uploads\/sites\/6\/2020\/10\/BLOG-IMMIGRATION-UPDATES-01.jpg","datePublished":"2020-10-28T16:59:09+00:00","dateModified":"2021-11-29T22:04:43+00:00","breadcrumb":{"@id":"https:\/\/www.sea-international.com\/es\/noticias-nueva-zelanda\/aplazamiento-para-la-aplicacion-a-visas-temporales-fuera-de-nz\/#breadcrumb"},"inLanguage":"es","potentialAction":[{"@type":"ReadAction","target":["https:\/\/www.sea-international.com\/es\/noticias-nueva-zelanda\/aplazamiento-para-la-aplicacion-a-visas-temporales-fuera-de-nz\/"]}]},{"@type":"ImageObject","inLanguage":"es","@id":"https:\/\/www.sea-international.com\/es\/noticias-nueva-zelanda\/aplazamiento-para-la-aplicacion-a-visas-temporales-fuera-de-nz\/#primaryimage","url":"https:\/\/www.sea-international.com\/es\/wp-content\/uploads\/sites\/6\/2020\/10\/BLOG-IMMIGRATION-UPDATES-01.jpg","contentUrl":"https:\/\/www.sea-international.com\/es\/wp-content\/uploads\/sites\/6\/2020\/10\/BLOG-IMMIGRATION-UPDATES-01.jpg","width":800,"height":600},{"@type":"BreadcrumbList","@id":"https:\/\/www.sea-international.com\/es\/noticias-nueva-zelanda\/aplazamiento-para-la-aplicacion-a-visas-temporales-fuera-de-nz\/#breadcrumb","itemListElement":[{"@type":"ListItem","position":1,"name":"Home","item":"https:\/\/www.sea-international.com\/es\/"},{"@type":"ListItem","position":2,"name":"Migraci\u00f3n","item":"https:\/\/www.sea-international.com\/es\/noticias-nueva-zelanda\/category\/migracion\/"},{"@type":"ListItem","position":3,"name":"Extensi\u00f3n de aplazamiento para la aplicaci\u00f3n a visas temporales para personas fuera de Nueva Zelanda"}]},{"@type":"WebSite","@id":"https:\/\/www.sea-international.com\/es\/#website","url":"https:\/\/www.sea-international.com\/es\/","name":"SEA INTERNATIONAL","description":"Immigration and education services","publisher":{"@id":"https:\/\/www.sea-international.com\/es\/#organization"},"potentialAction":[{"@type":"SearchAction","target":{"@type":"EntryPoint","urlTemplate":"https:\/\/www.sea-international.com\/es\/?s={search_term_string}"},"query-input":{"@type":"PropertyValueSpecification","valueRequired":true,"valueName":"search_term_string"}}],"inLanguage":"es"},{"@type":"Organization","@id":"https:\/\/www.sea-international.com\/es\/#organization","name":"SEA International","url":"https:\/\/www.sea-international.com\/es\/","logo":{"@type":"ImageObject","inLanguage":"es","@id":"https:\/\/www.sea-international.com\/es\/#\/schema\/logo\/image\/","url":"https:\/\/www.sea-international.com\/es\/wp-content\/uploads\/sites\/6\/2020\/11\/cropped-sea-international-logo.png","contentUrl":"https:\/\/www.sea-international.com\/es\/wp-content\/uploads\/sites\/6\/2020\/11\/cropped-sea-international-logo.png","width":487,"height":126,"caption":"SEA International"},"image":{"@id":"https:\/\/www.sea-international.com\/es\/#\/schema\/logo\/image\/"},"sameAs":["https:\/\/www.facebook.com\/seainternational\/","https:\/\/x.com\/SEAINTLATAM","https:\/\/twitter.com\/SEAINTLATAM","https:\/\/www.linkedin.com\/company\/seainternational\/","https:\/\/www.youtube.com\/user\/seaconz"]},{"@type":"Person","@id":"https:\/\/www.sea-international.com\/es\/#\/schema\/person\/2a8970510ca5cb53529437f6373555eb","name":"SEA International","image":{"@type":"ImageObject","inLanguage":"es","@id":"https:\/\/www.sea-international.com\/es\/#\/schema\/person\/image\/","url":"https:\/\/secure.gravatar.com\/avatar\/7e212389e0d252508c72d7b5a604656bc47e9b1704b5b20e887b3f47dce53962?s=96&d=mm&r=g","contentUrl":"https:\/\/secure.gravatar.com\/avatar\/7e212389e0d252508c72d7b5a604656bc47e9b1704b5b20e887b3f47dce53962?s=96&d=mm&r=g","caption":"SEA International"},"url":"https:\/\/www.sea-international.com\/es\/noticias-nueva-zelanda\/author\/carlos\/"}]}},"_links":{"self":[{"href":"https:\/\/www.sea-international.com\/es\/wp-json\/wp\/v2\/posts\/2351","targetHints":{"allow":["GET"]}}],"collection":[{"href":"https:\/\/www.sea-international.com\/es\/wp-json\/wp\/v2\/posts"}],"about":[{"href":"https:\/\/www.sea-international.com\/es\/wp-json\/wp\/v2\/types\/post"}],"author":[{"embeddable":true,"href":"https:\/\/www.sea-international.com\/es\/wp-json\/wp\/v2\/users\/1"}],"replies":[{"embeddable":true,"href":"https:\/\/www.sea-international.com\/es\/wp-json\/wp\/v2\/comments?post=2351"}],"version-history":[{"count":1,"href":"https:\/\/www.sea-international.com\/es\/wp-json\/wp\/v2\/posts\/2351\/revisions"}],"predecessor-version":[{"id":4615,"href":"https:\/\/www.sea-international.com\/es\/wp-json\/wp\/v2\/posts\/2351\/revisions\/4615"}],"wp:featuredmedia":[{"embeddable":true,"href":"https:\/\/www.sea-international.com\/es\/wp-json\/wp\/v2\/media\/2078"}],"wp:attachment":[{"href":"https:\/\/www.sea-international.com\/es\/wp-json\/wp\/v2\/media?parent=2351"}],"wp:term":[{"taxonomy":"category","embeddable":true,"href":"https:\/\/www.sea-international.com\/es\/wp-json\/wp\/v2\/categories?post=2351"},{"taxonomy":"post_tag","embeddable":true,"href":"https:\/\/www.sea-international.com\/es\/wp-json\/wp\/v2\/tags?post=2351"}],"curies":[{"name":"wp","href":"https:\/\/api.w.org\/{rel}","templated":true}]}}