{"id":5015,"date":"2021-11-30T10:19:01","date_gmt":"2021-11-29T22:19:01","guid":{"rendered":"https:\/\/www.sea-international.com\/es\/?p=5015"},"modified":"2021-11-30T10:30:04","modified_gmt":"2021-11-29T22:30:04","slug":"reconectando-nueva-zelanda-con-el-mundo","status":"publish","type":"post","link":"https:\/\/www.sea-international.com\/es\/noticias-nueva-zelanda\/reconectando-nueva-zelanda-con-el-mundo\/","title":{"rendered":"Reconectando Nueva Zelanda con el mundo"},"content":{"rendered":"\t\t<div data-elementor-type=\"wp-post\" data-elementor-id=\"5015\" class=\"elementor elementor-5015\" data-elementor-settings=\"{&quot;ha_cmc_init_switcher&quot;:&quot;no&quot;}\" data-elementor-post-type=\"post\">\n\t\t\t\t\t\t<section class=\"elementor-section elementor-top-section elementor-element elementor-element-babde56 elementor-section-boxed elementor-section-height-default elementor-section-height-default\" data-id=\"babde56\" data-element_type=\"section\" data-settings=\"{&quot;_ha_eqh_enable&quot;:false}\">\n\t\t\t\t\t\t<div class=\"elementor-container elementor-column-gap-default\">\n\t\t\t\t\t<div class=\"elementor-column elementor-col-100 elementor-top-column elementor-element elementor-element-77ad923\" data-id=\"77ad923\" data-element_type=\"column\">\n\t\t\t<div class=\"elementor-widget-wrap elementor-element-populated\">\n\t\t\t\t\t\t<div class=\"elementor-element elementor-element-6d89403 elementor-widget elementor-widget-text-editor\" data-id=\"6d89403\" data-element_type=\"widget\" data-widget_type=\"text-editor.default\">\n\t\t\t\t<div class=\"elementor-widget-container\">\n\t\t\t\t\t\t\t\t\t<p class=\"MsoNormal\" style=\"margin: 0cm; font-size: 12pt; font-family: Calibri, sans-serif; color: #000000;\"><span lang=\"ES\">El 24 de noviembre de 2021 El ministro de Respuesta al COVID-19 Chris Hipkins anunci\u00f3 la segunda parte de lo que ser\u00e1 el plan de apertura de fronteras para Nueva Zelanda.<\/span><\/p><p class=\"MsoNormal\" style=\"margin: 0cm; font-size: 12pt; font-family: Calibri, sans-serif; color: #000000;\"><b>Adem\u00e1s de contarte los pormenores de este anuncio, queremos hacer la distinci\u00f3n espec\u00edfica entre lo que significa la apertura de fronteras y la posibilidad de aplicar a una visa para poder ingresar.<\/b><\/p><p class=\"MsoNormal\" style=\"margin: 0cm; font-size: 12pt; font-family: Calibri, sans-serif; color: #000000;\"><span lang=\"ES\">\u00a0<\/span><\/p><p class=\"MsoNormal\" style=\"margin: 0cm; font-size: 12pt; font-family: Calibri, sans-serif; color: #000000;\"><span lang=\"ES\">La frontera se abrir\u00e1 en tres pasos y todos los viajeros que no est\u00e9n obligados a ingresar al MIQ (Managed isolation and quarantine) a\u00fan necesitar\u00e1n:<\/span><\/p><p class=\"MsoListParagraphCxSpFirst\" style=\"margin: 0cm 0cm 0cm 36pt; font-size: 12pt; font-family: Calibri, sans-serif; color: #000000; text-indent: -18pt;\"><span lang=\"ES\" style=\"font-family: Symbol;\">\u00b7<span style=\"font-variant-numeric: normal; font-variant-east-asian: normal; font-stretch: normal; font-size: 7pt; line-height: normal; font-family: 'Times New Roman';\">\u00a0\u00a0\u00a0\u00a0\u00a0 <\/span><\/span><span lang=\"ES\">Una prueba previa a la salida negativa<\/span><\/p><p class=\"MsoListParagraphCxSpMiddle\" style=\"margin: 0cm 0cm 0cm 36pt; font-size: 12pt; font-family: Calibri, sans-serif; color: #000000; text-indent: -18pt;\"><span lang=\"ES\" style=\"font-family: Symbol;\">\u00b7<span style=\"font-variant-numeric: normal; font-variant-east-asian: normal; font-stretch: normal; font-size: 7pt; line-height: normal; font-family: 'Times New Roman';\">\u00a0\u00a0\u00a0\u00a0\u00a0 <\/span><\/span><span lang=\"ES\">Prueba de estar completamente vacunado<\/span><\/p><p class=\"MsoListParagraphCxSpMiddle\" style=\"margin: 0cm 0cm 0cm 36pt; font-size: 12pt; font-family: Calibri, sans-serif; color: #000000; text-indent: -18pt;\"><span lang=\"ES\" style=\"font-family: Symbol;\">\u00b7<span style=\"font-variant-numeric: normal; font-variant-east-asian: normal; font-stretch: normal; font-size: 7pt; line-height: normal; font-family: 'Times New Roman';\">\u00a0\u00a0\u00a0\u00a0\u00a0 <\/span><\/span><span lang=\"ES\">Una declaraci\u00f3n del pasajero sobre el historial de viajes<\/span><\/p><p class=\"MsoListParagraphCxSpMiddle\" style=\"margin: 0cm 0cm 0cm 36pt; font-size: 12pt; font-family: Calibri, sans-serif; color: #000000; text-indent: -18pt;\"><span lang=\"ES\" style=\"font-family: Symbol;\">\u00b7<span style=\"font-variant-numeric: normal; font-variant-east-asian: normal; font-stretch: normal; font-size: 7pt; line-height: normal; font-family: 'Times New Roman';\">\u00a0\u00a0\u00a0\u00a0\u00a0 <\/span><\/span><span lang=\"ES\">Una prueba de d\u00eda 0\/1 a la llegada<\/span><\/p><p class=\"MsoListParagraphCxSpMiddle\" style=\"margin: 0cm 0cm 0cm 36pt; font-size: 12pt; font-family: Calibri, sans-serif; color: #000000; text-indent: -18pt;\"><span lang=\"ES\" style=\"font-family: Symbol;\">\u00b7<span style=\"font-variant-numeric: normal; font-variant-east-asian: normal; font-stretch: normal; font-size: 7pt; line-height: normal; font-family: 'Times New Roman';\">\u00a0\u00a0\u00a0\u00a0\u00a0 <\/span><\/span><span lang=\"ES\">Un requisito de autoaislamiento durante siete d\u00edas, y<\/span><\/p><p class=\"MsoListParagraphCxSpLast\" style=\"margin: 0cm 0cm 0cm 36pt; font-size: 12pt; font-family: Calibri, sans-serif; color: #000000; text-indent: -18pt;\"><span lang=\"ES\" style=\"font-family: Symbol;\">\u00b7<span style=\"font-variant-numeric: normal; font-variant-east-asian: normal; font-stretch: normal; font-size: 7pt; line-height: normal; font-family: 'Times New Roman';\">\u00a0\u00a0\u00a0\u00a0\u00a0 <\/span><\/span><span lang=\"ES\">Una prueba final negativa antes de ingresar a la comunidad<\/span><\/p>\t\t\t\t\t\t\t\t<\/div>\n\t\t\t\t<\/div>\n\t\t\t\t<div class=\"elementor-element elementor-element-2d565ef elementor-widget elementor-widget-image\" data-id=\"2d565ef\" data-element_type=\"widget\" data-widget_type=\"image.default\">\n\t\t\t\t<div class=\"elementor-widget-container\">\n\t\t\t\t\t\t\t\t\t\t\t\t\t\t\t<img decoding=\"async\" data-src=\"https:\/\/www.sea-international.com\/es\/wp-content\/uploads\/sites\/6\/2021\/11\/Blog-1.jpg\" title=\"\" alt=\"\" src=\"data:image\/svg+xml;base64,PHN2ZyB3aWR0aD0iMSIgaGVpZ2h0PSIxIiB4bWxucz0iaHR0cDovL3d3dy53My5vcmcvMjAwMC9zdmciPjwvc3ZnPg==\" class=\"lazyload\" \/>\t\t\t\t\t\t\t\t\t\t\t\t\t\t\t<\/div>\n\t\t\t\t<\/div>\n\t\t\t\t\t<\/div>\n\t\t<\/div>\n\t\t\t\t\t<\/div>\n\t\t<\/section>\n\t\t\t\t<section class=\"elementor-section elementor-top-section elementor-element elementor-element-2e763d0 elementor-section-boxed elementor-section-height-default elementor-section-height-default\" data-id=\"2e763d0\" data-element_type=\"section\" data-settings=\"{&quot;_ha_eqh_enable&quot;:false}\">\n\t\t\t\t\t\t<div class=\"elementor-container elementor-column-gap-default\">\n\t\t\t\t\t<div class=\"elementor-column elementor-col-100 elementor-top-column elementor-element elementor-element-86e3d57\" data-id=\"86e3d57\" data-element_type=\"column\">\n\t\t\t<div class=\"elementor-widget-wrap elementor-element-populated\">\n\t\t\t\t\t\t<div class=\"elementor-element elementor-element-d2d298f elementor-widget elementor-widget-text-editor\" data-id=\"d2d298f\" data-element_type=\"widget\" data-widget_type=\"text-editor.default\">\n\t\t\t\t<div class=\"elementor-widget-container\">\n\t\t\t\t\t\t\t\t\t<p class=\"MsoNormal\" style=\"margin: 0cm; font-size: 12pt; font-family: Calibri, sans-serif; color: #000000;\">\u00a0<\/p><p class=\"MsoNormal\" style=\"margin: 0cm; font-size: 12pt; font-family: Calibri, sans-serif; color: #000000;\"><span lang=\"ES\">\u201cHacemos este anuncio hoy para brindarles a las familias, las empresas, los visitantes y las compa\u00f1\u00edas a\u00e9reas y aeroportuarias certeza y tiempo para prepararse. Es muy alentador que, como pa\u00eds, estemos ahora en condiciones de avanzar hacia una mayor normalidad.<\/span><\/p><p class=\"MsoNormal\" style=\"margin: 0cm; font-size: 12pt; font-family: Calibri, sans-serif; color: #000000;\"><span lang=\"ES\">\u00a0<\/span><\/p><p class=\"MsoNormal\" style=\"margin: 0cm; font-size: 12pt; font-family: Calibri, sans-serif; color: #000000;\"><span lang=\"ES\">\u201cSiempre dijimos que abrir\u00edamos de manera controlada, y esto comenz\u00f3 con la reducci\u00f3n a la mitad del tiempo pasado en MIQ a siete d\u00edas. Mantener un per\u00edodo de aislamiento en el hogar de siete d\u00edas para los viajeros completamente vacunados es una fase importante en la estrategia de reconexi\u00f3n para brindar garant\u00eda de seguridad continua. Estas configuraciones continuar\u00e1n siendo revisadas contra el riesgo que representan los viajeros que ingresan a Nueva Zelanda.<\/span><\/p><p class=\"MsoNormal\" style=\"margin: 0cm; font-size: 12pt; font-family: Calibri, sans-serif; color: #000000;\"><span lang=\"ES\">\u00a0<\/span><\/p><p class=\"MsoNormal\" style=\"margin: 0cm; font-size: 12pt; font-family: Calibri, sans-serif; color: #000000;\"><b>Fechas importantes:<\/b><\/p><p class=\"MsoNormal\" style=\"margin: 0cm; font-size: 12pt; font-family: Calibri, sans-serif; color: #000000;\"><b>11:59 p.m del 16 de Enero de 2022<\/b><\/p><p class=\"MsoNormal\" style=\"margin: 0cm; font-size: 12pt; font-family: Calibri, sans-serif; color: #000000;\"><span lang=\"ES\">Apertura para ciudadanos neozelandeses completamente vacunados y aquellos titulares de visas de residencia y otros viajeros elegibles seg\u00fan las excepciones de fronteras actuales desde Australia (siempre que hayan estado en Australia o Nueva Zelanda durante los \u00faltimos 14 d\u00edas)<\/span><\/p><p class=\"MsoNormal\" style=\"margin: 0cm; font-size: 12pt; font-family: Calibri, sans-serif; color: #000000;\"><span lang=\"ES\">\u00a0<\/span><\/p><p class=\"MsoNormal\" style=\"margin: 0cm; font-size: 12pt; font-family: Calibri, sans-serif; color: #000000;\"><b>11:59 p.m. del 13 de Febrero<\/b><\/p><p class=\"MsoNormal\" style=\"margin: 0cm; font-size: 12pt; font-family: Calibri, sans-serif; color: #000000;\"><span lang=\"ES\">Apertura a los ciudadanos neozelandeses completamente vacunados y a los titulares de visas de clase de residencia y otros viajeros elegibles seg\u00fan seg\u00fan las excepciones de fronteras actuales, <b>de todos los pa\u00edses excepto de muy alto riesgo<\/b>.<\/span><\/p><p class=\"MsoNormal\" style=\"margin: 0cm; font-size: 12pt; font-family: Calibri, sans-serif; color: #000000;\"><span lang=\"ES\">\u00a0<\/span><\/p><p class=\"MsoNormal\" style=\"margin: 0cm; font-size: 12pt; font-family: Calibri, sans-serif; color: #000000;\"><b>30 de Abril en adelante<\/b><\/p><p class=\"MsoNormal\" style=\"margin: 0cm; font-size: 12pt; font-family: Calibri, sans-serif; color: #000000;\"><span lang=\"ES\">Apertura a ciudadanos extranjeros completamente vacunados (posiblemente organizados por categor\u00eda de visa)<\/span><\/p><p class=\"MsoNormal\" style=\"margin: 0cm; font-size: 12pt; font-family: Calibri, sans-serif; color: #000000;\"><span lang=\"ES\">Si bien para muchos fueron grandes noticias, el sitio web de Inmigraci\u00f3n fue actualizado recientemente especificando: <b><i>El Gobierno ha prorrogado la suspensi\u00f3n de aplicaci\u00f3n a visas de personas que se encuentran por fuera de NZ al menos hasta el 5 de Agosto de 2022.<\/i><\/b> Recordemos que estas suspensiones que han hecho de manera constante en periodos de 6 meses por el \u00faltimo a\u00f1o y medio.<\/span><\/p><p class=\"MsoNormal\" style=\"margin: 0cm; font-size: 12pt; font-family: Calibri, sans-serif; color: #000000;\"><span lang=\"ES\">\u00a0<\/span><\/p><p class=\"MsoNormal\" style=\"margin: 0cm; font-size: 12pt; font-family: Calibri, sans-serif; color: #000000;\"><span lang=\"ES\">Esto significa que a\u00fan no ser\u00e1 posible que las personas que deben aplicar a un visado para venir lo puedan hacer. Seguramente escucharemos nuevas noticias y m\u00e1s claridad sobre lo que ha de pasar del 30 de Abril en adelante en los pr\u00f3ximos meses.<\/span><\/p><p class=\"MsoNormal\" style=\"margin: 0cm; font-size: 12pt; font-family: Calibri, sans-serif; color: #000000;\"><span lang=\"ES\">\u00a0<\/span><\/p><p class=\"MsoNormal\" style=\"margin: 0cm; font-size: 12pt; font-family: Calibri, sans-serif; color: #000000;\"><span lang=\"ES\">Si sue\u00f1as con venir a Nueva Zelanda, recuerda que estas restricciones no ser\u00e1n para siempre, esperemos que 2022 sea el a\u00f1o de las buenas noticias, por ahora, te invitamos a que te suscribas a nuestro canal de Youtube para mantenerte informado sobre las \u00faltimas actualizaciones. \u00a0<\/span><\/p>\t\t\t\t\t\t\t\t<\/div>\n\t\t\t\t<\/div>\n\t\t\t\t\t<\/div>\n\t\t<\/div>\n\t\t\t\t\t<\/div>\n\t\t<\/section>\n\t\t\t\t<\/div>\n\t\t","protected":false},"excerpt":{"rendered":"<p>El 24 de noviembre de 2021 El ministro de Respuesta al COVID-19 Chris Hipkins anunci\u00f3 la segunda parte de lo que ser\u00e1 el plan de apertura de fronteras para Nueva Zelanda. <\/p>\n<p>Adem\u00e1s de contarte los pormenores de este anuncio, queremos hacer la distinci\u00f3n espec\u00edfica entre lo que significa la apertura de fronteras y la posibilidad de aplicar a una visa para poder ingresar. <\/p>\n","protected":false},"author":3,"featured_media":5022,"comment_status":"open","ping_status":"open","sticky":false,"template":"","format":"standard","meta":{"_acf_changed":false,"footnotes":""},"categories":[18],"tags":[],"class_list":["post-5015","post","type-post","status-publish","format-standard","has-post-thumbnail","hentry","category-migracion"],"acf":[],"yoast_head":"<!-- This site is optimized with the Yoast SEO Premium plugin v20.5 (Yoast SEO v26.4) - https:\/\/yoast.com\/wordpress\/plugins\/seo\/ -->\n<title>Reconectando Nueva Zelanda con el mundo - SEA INTERNATIONAL<\/title>\n<meta name=\"robots\" content=\"index, follow, max-snippet:-1, max-image-preview:large, max-video-preview:-1\" \/>\n<link rel=\"canonical\" href=\"https:\/\/www.sea-international.com\/es\/noticias-nueva-zelanda\/reconectando-nueva-zelanda-con-el-mundo\/\" \/>\n<meta property=\"og:locale\" content=\"es_ES\" \/>\n<meta property=\"og:type\" content=\"article\" \/>\n<meta property=\"og:title\" content=\"Reconectando Nueva Zelanda con el mundo\" \/>\n<meta property=\"og:description\" content=\"El 24 de noviembre de 2021 El ministro de Respuesta al COVID-19 Chris Hipkins anunci\u00f3 la segunda parte de lo que ser\u00e1 el plan de apertura de fronteras para Nueva Zelanda.  Adem\u00e1s de contarte los pormenores de este anuncio, queremos hacer la distinci\u00f3n espec\u00edfica entre lo que significa la apertura de fronteras y la posibilidad de aplicar a una visa para poder ingresar.\" \/>\n<meta property=\"og:url\" content=\"https:\/\/www.sea-international.com\/es\/noticias-nueva-zelanda\/reconectando-nueva-zelanda-con-el-mundo\/\" \/>\n<meta property=\"og:site_name\" content=\"SEA INTERNATIONAL\" \/>\n<meta property=\"article:publisher\" content=\"https:\/\/www.facebook.com\/seainternational\/\" \/>\n<meta property=\"article:published_time\" content=\"2021-11-29T22:19:01+00:00\" \/>\n<meta property=\"article:modified_time\" content=\"2021-11-29T22:30:04+00:00\" \/>\n<meta property=\"og:image\" content=\"https:\/\/www.sea-international.com\/es\/wp-content\/uploads\/sites\/6\/2021\/11\/ultimas-actualizaciones-inz-nueva-zelanda.jpg\" \/>\n\t<meta property=\"og:image:width\" content=\"800\" \/>\n\t<meta property=\"og:image:height\" content=\"600\" \/>\n\t<meta property=\"og:image:type\" content=\"image\/jpeg\" \/>\n<meta name=\"author\" content=\"SEA International\" \/>\n<meta name=\"twitter:card\" content=\"summary_large_image\" \/>\n<meta name=\"twitter:creator\" content=\"@SEAINTLATAM\" \/>\n<meta name=\"twitter:site\" content=\"@SEAINTLATAM\" \/>\n<meta name=\"twitter:label1\" content=\"Escrito por\" \/>\n\t<meta name=\"twitter:data1\" content=\"SEA International\" \/>\n\t<meta name=\"twitter:label2\" content=\"Tiempo de lectura\" \/>\n\t<meta name=\"twitter:data2\" content=\"3 minutos\" \/>\n<script type=\"application\/ld+json\" class=\"yoast-schema-graph\">{\"@context\":\"https:\/\/schema.org\",\"@graph\":[{\"@type\":\"Article\",\"@id\":\"https:\/\/www.sea-international.com\/es\/noticias-nueva-zelanda\/reconectando-nueva-zelanda-con-el-mundo\/#article\",\"isPartOf\":{\"@id\":\"https:\/\/www.sea-international.com\/es\/noticias-nueva-zelanda\/reconectando-nueva-zelanda-con-el-mundo\/\"},\"author\":{\"name\":\"SEA International\",\"@id\":\"https:\/\/www.sea-international.com\/es\/#\/schema\/person\/1919a6dc82c7567df4f14121084a7cf8\"},\"headline\":\"Reconectando Nueva Zelanda con el mundo\",\"datePublished\":\"2021-11-29T22:19:01+00:00\",\"dateModified\":\"2021-11-29T22:30:04+00:00\",\"mainEntityOfPage\":{\"@id\":\"https:\/\/www.sea-international.com\/es\/noticias-nueva-zelanda\/reconectando-nueva-zelanda-con-el-mundo\/\"},\"wordCount\":539,\"commentCount\":0,\"publisher\":{\"@id\":\"https:\/\/www.sea-international.com\/es\/#organization\"},\"image\":{\"@id\":\"https:\/\/www.sea-international.com\/es\/noticias-nueva-zelanda\/reconectando-nueva-zelanda-con-el-mundo\/#primaryimage\"},\"thumbnailUrl\":\"https:\/\/www.sea-international.com\/es\/wp-content\/uploads\/sites\/6\/2021\/11\/ultimas-actualizaciones-inz-nueva-zelanda.jpg\",\"articleSection\":[\"Migraci\u00f3n\"],\"inLanguage\":\"es\",\"potentialAction\":[{\"@type\":\"CommentAction\",\"name\":\"Comment\",\"target\":[\"https:\/\/www.sea-international.com\/es\/noticias-nueva-zelanda\/reconectando-nueva-zelanda-con-el-mundo\/#respond\"]}]},{\"@type\":\"WebPage\",\"@id\":\"https:\/\/www.sea-international.com\/es\/noticias-nueva-zelanda\/reconectando-nueva-zelanda-con-el-mundo\/\",\"url\":\"https:\/\/www.sea-international.com\/es\/noticias-nueva-zelanda\/reconectando-nueva-zelanda-con-el-mundo\/\",\"name\":\"Reconectando Nueva Zelanda con el mundo - SEA INTERNATIONAL\",\"isPartOf\":{\"@id\":\"https:\/\/www.sea-international.com\/es\/#website\"},\"primaryImageOfPage\":{\"@id\":\"https:\/\/www.sea-international.com\/es\/noticias-nueva-zelanda\/reconectando-nueva-zelanda-con-el-mundo\/#primaryimage\"},\"image\":{\"@id\":\"https:\/\/www.sea-international.com\/es\/noticias-nueva-zelanda\/reconectando-nueva-zelanda-con-el-mundo\/#primaryimage\"},\"thumbnailUrl\":\"https:\/\/www.sea-international.com\/es\/wp-content\/uploads\/sites\/6\/2021\/11\/ultimas-actualizaciones-inz-nueva-zelanda.jpg\",\"datePublished\":\"2021-11-29T22:19:01+00:00\",\"dateModified\":\"2021-11-29T22:30:04+00:00\",\"breadcrumb\":{\"@id\":\"https:\/\/www.sea-international.com\/es\/noticias-nueva-zelanda\/reconectando-nueva-zelanda-con-el-mundo\/#breadcrumb\"},\"inLanguage\":\"es\",\"potentialAction\":[{\"@type\":\"ReadAction\",\"target\":[\"https:\/\/www.sea-international.com\/es\/noticias-nueva-zelanda\/reconectando-nueva-zelanda-con-el-mundo\/\"]}]},{\"@type\":\"ImageObject\",\"inLanguage\":\"es\",\"@id\":\"https:\/\/www.sea-international.com\/es\/noticias-nueva-zelanda\/reconectando-nueva-zelanda-con-el-mundo\/#primaryimage\",\"url\":\"https:\/\/www.sea-international.com\/es\/wp-content\/uploads\/sites\/6\/2021\/11\/ultimas-actualizaciones-inz-nueva-zelanda.jpg\",\"contentUrl\":\"https:\/\/www.sea-international.com\/es\/wp-content\/uploads\/sites\/6\/2021\/11\/ultimas-actualizaciones-inz-nueva-zelanda.jpg\",\"width\":800,\"height\":600},{\"@type\":\"BreadcrumbList\",\"@id\":\"https:\/\/www.sea-international.com\/es\/noticias-nueva-zelanda\/reconectando-nueva-zelanda-con-el-mundo\/#breadcrumb\",\"itemListElement\":[{\"@type\":\"ListItem\",\"position\":1,\"name\":\"Home\",\"item\":\"https:\/\/www.sea-international.com\/es\/\"},{\"@type\":\"ListItem\",\"position\":2,\"name\":\"Migraci\u00f3n\",\"item\":\"https:\/\/www.sea-international.com\/es\/noticias-nueva-zelanda\/category\/migracion\/\"},{\"@type\":\"ListItem\",\"position\":3,\"name\":\"Reconectando Nueva Zelanda con el mundo\"}]},{\"@type\":\"WebSite\",\"@id\":\"https:\/\/www.sea-international.com\/es\/#website\",\"url\":\"https:\/\/www.sea-international.com\/es\/\",\"name\":\"SEA INTERNATIONAL\",\"description\":\"Immigration and education services\",\"publisher\":{\"@id\":\"https:\/\/www.sea-international.com\/es\/#organization\"},\"potentialAction\":[{\"@type\":\"SearchAction\",\"target\":{\"@type\":\"EntryPoint\",\"urlTemplate\":\"https:\/\/www.sea-international.com\/es\/?s={search_term_string}\"},\"query-input\":{\"@type\":\"PropertyValueSpecification\",\"valueRequired\":true,\"valueName\":\"search_term_string\"}}],\"inLanguage\":\"es\"},{\"@type\":\"Organization\",\"@id\":\"https:\/\/www.sea-international.com\/es\/#organization\",\"name\":\"SEA International\",\"url\":\"https:\/\/www.sea-international.com\/es\/\",\"logo\":{\"@type\":\"ImageObject\",\"inLanguage\":\"es\",\"@id\":\"https:\/\/www.sea-international.com\/es\/#\/schema\/logo\/image\/\",\"url\":\"https:\/\/www.sea-international.com\/es\/wp-content\/uploads\/sites\/6\/2020\/11\/cropped-sea-international-logo.png\",\"contentUrl\":\"https:\/\/www.sea-international.com\/es\/wp-content\/uploads\/sites\/6\/2020\/11\/cropped-sea-international-logo.png\",\"width\":487,\"height\":126,\"caption\":\"SEA International\"},\"image\":{\"@id\":\"https:\/\/www.sea-international.com\/es\/#\/schema\/logo\/image\/\"},\"sameAs\":[\"https:\/\/www.facebook.com\/seainternational\/\",\"https:\/\/x.com\/SEAINTLATAM\",\"https:\/\/twitter.com\/SEAINTLATAM\",\"https:\/\/www.linkedin.com\/company\/seainternational\/\",\"https:\/\/www.youtube.com\/user\/seaconz\"]},{\"@type\":\"Person\",\"@id\":\"https:\/\/www.sea-international.com\/es\/#\/schema\/person\/1919a6dc82c7567df4f14121084a7cf8\",\"name\":\"SEA International\",\"image\":{\"@type\":\"ImageObject\",\"inLanguage\":\"es\",\"@id\":\"https:\/\/www.sea-international.com\/es\/#\/schema\/person\/image\/\",\"url\":\"https:\/\/secure.gravatar.com\/avatar\/955842d75666e158013b59d37aea744cf977ec6c9bb3f9d5bfbf86e2ad21082e?s=96&d=mm&r=g\",\"contentUrl\":\"https:\/\/secure.gravatar.com\/avatar\/955842d75666e158013b59d37aea744cf977ec6c9bb3f9d5bfbf86e2ad21082e?s=96&d=mm&r=g\",\"caption\":\"SEA International\"},\"url\":\"https:\/\/www.sea-international.com\/es\/noticias-nueva-zelanda\/author\/yossie\/\"}]}<\/script>\n<!-- \/ Yoast SEO Premium plugin. -->","yoast_head_json":{"title":"Reconectando Nueva Zelanda con el mundo - SEA INTERNATIONAL","robots":{"index":"index","follow":"follow","max-snippet":"max-snippet:-1","max-image-preview":"max-image-preview:large","max-video-preview":"max-video-preview:-1"},"canonical":"https:\/\/www.sea-international.com\/es\/noticias-nueva-zelanda\/reconectando-nueva-zelanda-con-el-mundo\/","og_locale":"es_ES","og_type":"article","og_title":"Reconectando Nueva Zelanda con el mundo","og_description":"El 24 de noviembre de 2021 El ministro de Respuesta al COVID-19 Chris Hipkins anunci\u00f3 la segunda parte de lo que ser\u00e1 el plan de apertura de fronteras para Nueva Zelanda.  Adem\u00e1s de contarte los pormenores de este anuncio, queremos hacer la distinci\u00f3n espec\u00edfica entre lo que significa la apertura de fronteras y la posibilidad de aplicar a una visa para poder ingresar.","og_url":"https:\/\/www.sea-international.com\/es\/noticias-nueva-zelanda\/reconectando-nueva-zelanda-con-el-mundo\/","og_site_name":"SEA INTERNATIONAL","article_publisher":"https:\/\/www.facebook.com\/seainternational\/","article_published_time":"2021-11-29T22:19:01+00:00","article_modified_time":"2021-11-29T22:30:04+00:00","og_image":[{"width":800,"height":600,"url":"https:\/\/www.sea-international.com\/es\/wp-content\/uploads\/sites\/6\/2021\/11\/ultimas-actualizaciones-inz-nueva-zelanda.jpg","type":"image\/jpeg"}],"author":"SEA International","twitter_card":"summary_large_image","twitter_creator":"@SEAINTLATAM","twitter_site":"@SEAINTLATAM","twitter_misc":{"Escrito por":"SEA International","Tiempo de lectura":"3 minutos"},"schema":{"@context":"https:\/\/schema.org","@graph":[{"@type":"Article","@id":"https:\/\/www.sea-international.com\/es\/noticias-nueva-zelanda\/reconectando-nueva-zelanda-con-el-mundo\/#article","isPartOf":{"@id":"https:\/\/www.sea-international.com\/es\/noticias-nueva-zelanda\/reconectando-nueva-zelanda-con-el-mundo\/"},"author":{"name":"SEA International","@id":"https:\/\/www.sea-international.com\/es\/#\/schema\/person\/1919a6dc82c7567df4f14121084a7cf8"},"headline":"Reconectando Nueva Zelanda con el mundo","datePublished":"2021-11-29T22:19:01+00:00","dateModified":"2021-11-29T22:30:04+00:00","mainEntityOfPage":{"@id":"https:\/\/www.sea-international.com\/es\/noticias-nueva-zelanda\/reconectando-nueva-zelanda-con-el-mundo\/"},"wordCount":539,"commentCount":0,"publisher":{"@id":"https:\/\/www.sea-international.com\/es\/#organization"},"image":{"@id":"https:\/\/www.sea-international.com\/es\/noticias-nueva-zelanda\/reconectando-nueva-zelanda-con-el-mundo\/#primaryimage"},"thumbnailUrl":"https:\/\/www.sea-international.com\/es\/wp-content\/uploads\/sites\/6\/2021\/11\/ultimas-actualizaciones-inz-nueva-zelanda.jpg","articleSection":["Migraci\u00f3n"],"inLanguage":"es","potentialAction":[{"@type":"CommentAction","name":"Comment","target":["https:\/\/www.sea-international.com\/es\/noticias-nueva-zelanda\/reconectando-nueva-zelanda-con-el-mundo\/#respond"]}]},{"@type":"WebPage","@id":"https:\/\/www.sea-international.com\/es\/noticias-nueva-zelanda\/reconectando-nueva-zelanda-con-el-mundo\/","url":"https:\/\/www.sea-international.com\/es\/noticias-nueva-zelanda\/reconectando-nueva-zelanda-con-el-mundo\/","name":"Reconectando Nueva Zelanda con el mundo - SEA INTERNATIONAL","isPartOf":{"@id":"https:\/\/www.sea-international.com\/es\/#website"},"primaryImageOfPage":{"@id":"https:\/\/www.sea-international.com\/es\/noticias-nueva-zelanda\/reconectando-nueva-zelanda-con-el-mundo\/#primaryimage"},"image":{"@id":"https:\/\/www.sea-international.com\/es\/noticias-nueva-zelanda\/reconectando-nueva-zelanda-con-el-mundo\/#primaryimage"},"thumbnailUrl":"https:\/\/www.sea-international.com\/es\/wp-content\/uploads\/sites\/6\/2021\/11\/ultimas-actualizaciones-inz-nueva-zelanda.jpg","datePublished":"2021-11-29T22:19:01+00:00","dateModified":"2021-11-29T22:30:04+00:00","breadcrumb":{"@id":"https:\/\/www.sea-international.com\/es\/noticias-nueva-zelanda\/reconectando-nueva-zelanda-con-el-mundo\/#breadcrumb"},"inLanguage":"es","potentialAction":[{"@type":"ReadAction","target":["https:\/\/www.sea-international.com\/es\/noticias-nueva-zelanda\/reconectando-nueva-zelanda-con-el-mundo\/"]}]},{"@type":"ImageObject","inLanguage":"es","@id":"https:\/\/www.sea-international.com\/es\/noticias-nueva-zelanda\/reconectando-nueva-zelanda-con-el-mundo\/#primaryimage","url":"https:\/\/www.sea-international.com\/es\/wp-content\/uploads\/sites\/6\/2021\/11\/ultimas-actualizaciones-inz-nueva-zelanda.jpg","contentUrl":"https:\/\/www.sea-international.com\/es\/wp-content\/uploads\/sites\/6\/2021\/11\/ultimas-actualizaciones-inz-nueva-zelanda.jpg","width":800,"height":600},{"@type":"BreadcrumbList","@id":"https:\/\/www.sea-international.com\/es\/noticias-nueva-zelanda\/reconectando-nueva-zelanda-con-el-mundo\/#breadcrumb","itemListElement":[{"@type":"ListItem","position":1,"name":"Home","item":"https:\/\/www.sea-international.com\/es\/"},{"@type":"ListItem","position":2,"name":"Migraci\u00f3n","item":"https:\/\/www.sea-international.com\/es\/noticias-nueva-zelanda\/category\/migracion\/"},{"@type":"ListItem","position":3,"name":"Reconectando Nueva Zelanda con el mundo"}]},{"@type":"WebSite","@id":"https:\/\/www.sea-international.com\/es\/#website","url":"https:\/\/www.sea-international.com\/es\/","name":"SEA INTERNATIONAL","description":"Immigration and education services","publisher":{"@id":"https:\/\/www.sea-international.com\/es\/#organization"},"potentialAction":[{"@type":"SearchAction","target":{"@type":"EntryPoint","urlTemplate":"https:\/\/www.sea-international.com\/es\/?s={search_term_string}"},"query-input":{"@type":"PropertyValueSpecification","valueRequired":true,"valueName":"search_term_string"}}],"inLanguage":"es"},{"@type":"Organization","@id":"https:\/\/www.sea-international.com\/es\/#organization","name":"SEA International","url":"https:\/\/www.sea-international.com\/es\/","logo":{"@type":"ImageObject","inLanguage":"es","@id":"https:\/\/www.sea-international.com\/es\/#\/schema\/logo\/image\/","url":"https:\/\/www.sea-international.com\/es\/wp-content\/uploads\/sites\/6\/2020\/11\/cropped-sea-international-logo.png","contentUrl":"https:\/\/www.sea-international.com\/es\/wp-content\/uploads\/sites\/6\/2020\/11\/cropped-sea-international-logo.png","width":487,"height":126,"caption":"SEA International"},"image":{"@id":"https:\/\/www.sea-international.com\/es\/#\/schema\/logo\/image\/"},"sameAs":["https:\/\/www.facebook.com\/seainternational\/","https:\/\/x.com\/SEAINTLATAM","https:\/\/twitter.com\/SEAINTLATAM","https:\/\/www.linkedin.com\/company\/seainternational\/","https:\/\/www.youtube.com\/user\/seaconz"]},{"@type":"Person","@id":"https:\/\/www.sea-international.com\/es\/#\/schema\/person\/1919a6dc82c7567df4f14121084a7cf8","name":"SEA International","image":{"@type":"ImageObject","inLanguage":"es","@id":"https:\/\/www.sea-international.com\/es\/#\/schema\/person\/image\/","url":"https:\/\/secure.gravatar.com\/avatar\/955842d75666e158013b59d37aea744cf977ec6c9bb3f9d5bfbf86e2ad21082e?s=96&d=mm&r=g","contentUrl":"https:\/\/secure.gravatar.com\/avatar\/955842d75666e158013b59d37aea744cf977ec6c9bb3f9d5bfbf86e2ad21082e?s=96&d=mm&r=g","caption":"SEA International"},"url":"https:\/\/www.sea-international.com\/es\/noticias-nueva-zelanda\/author\/yossie\/"}]}},"_links":{"self":[{"href":"https:\/\/www.sea-international.com\/es\/wp-json\/wp\/v2\/posts\/5015","targetHints":{"allow":["GET"]}}],"collection":[{"href":"https:\/\/www.sea-international.com\/es\/wp-json\/wp\/v2\/posts"}],"about":[{"href":"https:\/\/www.sea-international.com\/es\/wp-json\/wp\/v2\/types\/post"}],"author":[{"embeddable":true,"href":"https:\/\/www.sea-international.com\/es\/wp-json\/wp\/v2\/users\/3"}],"replies":[{"embeddable":true,"href":"https:\/\/www.sea-international.com\/es\/wp-json\/wp\/v2\/comments?post=5015"}],"version-history":[{"count":5,"href":"https:\/\/www.sea-international.com\/es\/wp-json\/wp\/v2\/posts\/5015\/revisions"}],"predecessor-version":[{"id":5025,"href":"https:\/\/www.sea-international.com\/es\/wp-json\/wp\/v2\/posts\/5015\/revisions\/5025"}],"wp:featuredmedia":[{"embeddable":true,"href":"https:\/\/www.sea-international.com\/es\/wp-json\/wp\/v2\/media\/5022"}],"wp:attachment":[{"href":"https:\/\/www.sea-international.com\/es\/wp-json\/wp\/v2\/media?parent=5015"}],"wp:term":[{"taxonomy":"category","embeddable":true,"href":"https:\/\/www.sea-international.com\/es\/wp-json\/wp\/v2\/categories?post=5015"},{"taxonomy":"post_tag","embeddable":true,"href":"https:\/\/www.sea-international.com\/es\/wp-json\/wp\/v2\/tags?post=5015"}],"curies":[{"name":"wp","href":"https:\/\/api.w.org\/{rel}","templated":true}]}}