{"id":6563,"date":"2022-10-13T12:20:57","date_gmt":"2022-10-13T00:20:57","guid":{"rendered":"https:\/\/www.sea-international.com\/es\/?p=6563"},"modified":"2022-10-13T12:30:55","modified_gmt":"2022-10-13T00:30:55","slug":"reapertura-de-la-visa-de-residencia-para-padres","status":"publish","type":"post","link":"https:\/\/www.sea-international.com\/es\/noticias-nueva-zelanda\/reapertura-de-la-visa-de-residencia-para-padres\/","title":{"rendered":"Reapertura de la Visa de Residencia para Padres"},"content":{"rendered":"\t\t<div data-elementor-type=\"wp-post\" data-elementor-id=\"6563\" class=\"elementor elementor-6563\" data-elementor-settings=\"{&quot;ha_cmc_init_switcher&quot;:&quot;no&quot;}\" data-elementor-post-type=\"post\">\n\t\t\t\t\t\t<section class=\"elementor-section elementor-top-section elementor-element elementor-element-cf1b22d elementor-section-boxed elementor-section-height-default elementor-section-height-default\" data-id=\"cf1b22d\" data-element_type=\"section\" data-settings=\"{&quot;_ha_eqh_enable&quot;:false}\">\n\t\t\t\t\t\t<div class=\"elementor-container elementor-column-gap-default\">\n\t\t\t\t\t<div class=\"elementor-column elementor-col-100 elementor-top-column elementor-element elementor-element-4725ccd\" data-id=\"4725ccd\" data-element_type=\"column\">\n\t\t\t<div class=\"elementor-widget-wrap elementor-element-populated\">\n\t\t\t\t\t\t<div class=\"elementor-element elementor-element-e018daf elementor-widget elementor-widget-text-editor\" data-id=\"e018daf\" data-element_type=\"widget\" data-widget_type=\"text-editor.default\">\n\t\t\t\t<div class=\"elementor-widget-container\">\n\t\t\t\t\t\t\t\t\t<p>La Visa de Categor\u00eda Padres reabrir\u00eda a partir del 14 de noviembre para las personas que ya tienen expresiones de inter\u00e9s en la cola.<\/p>\n<p>La votaci\u00f3n para nuevas expresiones de inter\u00e9s comenzar\u00e1 a partir del 12 de octubre y la primera selecci\u00f3n tendr\u00e1 lugar en agosto de 2023.<\/p><p><span style=\"letter-spacing: 0px;\">El n\u00famero de estas visas otorgadas cada a\u00f1o aumentar\u00eda de 1000 a 2500, reduciendo los requisitos de ingresos para los patrocinadores y permitiendo que 2 hijos adultos, en lugar de solo un hijo adulto y su pareja, combinen sus ingresos para patrocinar a los padres.<\/span><\/p><p><span style=\"letter-spacing: 0px;\">Un patrocinador ahora necesita ganar 1,5 veces el salario medio de Nueva Zelanda en lugar del doble del salario medio. Este l\u00edmite aumenta en la mitad del salario medio de cada patrocinador conjunto o padre adicional.<\/span><\/p><p><span style=\"letter-spacing: 0px;\">Las solicitudes conjuntas podr\u00edan presentar hasta seis padres, con un aumento del umbral de ingresos de 0,5 veces el salario medio por padre.<\/span><\/p><p><span style=\"letter-spacing: 0px;\">\u00abReanudar las selecciones de la cola de Expresiones de inter\u00e9s existente es una prioridad, y s\u00e9 lo importante que es esto para muchas familias migrantes\u00bb, dijo el ministro de inmigraci\u00f3n Michael Wood.<\/span><\/p>\t\t\t\t\t\t\t\t<\/div>\n\t\t\t\t<\/div>\n\t\t\t\t\t<\/div>\n\t\t<\/div>\n\t\t\t\t\t<\/div>\n\t\t<\/section>\n\t\t\t\t<\/div>\n\t\t","protected":false},"excerpt":{"rendered":"<p>La Visa de Categor\u00eda Padres reabrir\u00eda a partir del 14 de noviembre para las personas que ya tienen expresiones de inter\u00e9s en la cola. La votaci\u00f3n para nuevas expresiones de inter\u00e9s comenzar\u00e1 a partir del 12 de octubre y la primera selecci\u00f3n tendr\u00e1 lugar en agosto de 2023. El n\u00famero de estas visas otorgadas cada [&hellip;]<\/p>\n","protected":false},"author":3,"featured_media":6568,"comment_status":"open","ping_status":"open","sticky":false,"template":"","format":"standard","meta":{"_acf_changed":false,"footnotes":""},"categories":[18,27],"tags":[],"class_list":["post-6563","post","type-post","status-publish","format-standard","has-post-thumbnail","hentry","category-migracion","category-noticias"],"acf":[],"yoast_head":"<!-- This site is optimized with the Yoast SEO Premium plugin v20.5 (Yoast SEO v26.4) - https:\/\/yoast.com\/wordpress\/plugins\/seo\/ -->\n<title>Reapertura de la Visa de Residencia para Padres - SEA INTERNATIONAL<\/title>\n<meta name=\"robots\" content=\"index, follow, max-snippet:-1, max-image-preview:large, max-video-preview:-1\" \/>\n<link rel=\"canonical\" href=\"https:\/\/www.sea-international.com\/es\/noticias-nueva-zelanda\/reapertura-de-la-visa-de-residencia-para-padres\/\" \/>\n<meta property=\"og:locale\" content=\"es_ES\" \/>\n<meta property=\"og:type\" content=\"article\" \/>\n<meta property=\"og:title\" content=\"Reapertura de la Visa de Residencia para Padres\" \/>\n<meta property=\"og:description\" content=\"La Visa de Categor\u00eda Padres reabrir\u00eda a partir del 14 de noviembre para las personas que ya tienen expresiones de inter\u00e9s en la cola. La votaci\u00f3n para nuevas expresiones de inter\u00e9s comenzar\u00e1 a partir del 12 de octubre y la primera selecci\u00f3n tendr\u00e1 lugar en agosto de 2023. El n\u00famero de estas visas otorgadas cada [&hellip;]\" \/>\n<meta property=\"og:url\" content=\"https:\/\/www.sea-international.com\/es\/noticias-nueva-zelanda\/reapertura-de-la-visa-de-residencia-para-padres\/\" \/>\n<meta property=\"og:site_name\" content=\"SEA INTERNATIONAL\" \/>\n<meta property=\"article:publisher\" content=\"https:\/\/www.facebook.com\/seainternational\/\" \/>\n<meta property=\"article:published_time\" content=\"2022-10-13T00:20:57+00:00\" \/>\n<meta property=\"article:modified_time\" content=\"2022-10-13T00:30:55+00:00\" \/>\n<meta property=\"og:image\" content=\"https:\/\/www.sea-international.com\/es\/wp-content\/uploads\/sites\/6\/2022\/10\/Blog-4.png\" \/>\n\t<meta property=\"og:image:width\" content=\"1200\" \/>\n\t<meta property=\"og:image:height\" content=\"900\" \/>\n\t<meta property=\"og:image:type\" content=\"image\/png\" \/>\n<meta name=\"author\" content=\"SEA International\" \/>\n<meta name=\"twitter:card\" content=\"summary_large_image\" \/>\n<meta name=\"twitter:creator\" content=\"@SEAINTLATAM\" \/>\n<meta name=\"twitter:site\" content=\"@SEAINTLATAM\" \/>\n<meta name=\"twitter:label1\" content=\"Escrito por\" \/>\n\t<meta name=\"twitter:data1\" content=\"SEA International\" \/>\n\t<meta name=\"twitter:label2\" content=\"Tiempo de lectura\" \/>\n\t<meta name=\"twitter:data2\" content=\"1 minuto\" \/>\n<script type=\"application\/ld+json\" class=\"yoast-schema-graph\">{\"@context\":\"https:\/\/schema.org\",\"@graph\":[{\"@type\":\"Article\",\"@id\":\"https:\/\/www.sea-international.com\/es\/noticias-nueva-zelanda\/reapertura-de-la-visa-de-residencia-para-padres\/#article\",\"isPartOf\":{\"@id\":\"https:\/\/www.sea-international.com\/es\/noticias-nueva-zelanda\/reapertura-de-la-visa-de-residencia-para-padres\/\"},\"author\":{\"name\":\"SEA International\",\"@id\":\"https:\/\/www.sea-international.com\/es\/#\/schema\/person\/1919a6dc82c7567df4f14121084a7cf8\"},\"headline\":\"Reapertura de la Visa de Residencia para Padres\",\"datePublished\":\"2022-10-13T00:20:57+00:00\",\"dateModified\":\"2022-10-13T00:30:55+00:00\",\"mainEntityOfPage\":{\"@id\":\"https:\/\/www.sea-international.com\/es\/noticias-nueva-zelanda\/reapertura-de-la-visa-de-residencia-para-padres\/\"},\"wordCount\":197,\"commentCount\":0,\"publisher\":{\"@id\":\"https:\/\/www.sea-international.com\/es\/#organization\"},\"image\":{\"@id\":\"https:\/\/www.sea-international.com\/es\/noticias-nueva-zelanda\/reapertura-de-la-visa-de-residencia-para-padres\/#primaryimage\"},\"thumbnailUrl\":\"https:\/\/www.sea-international.com\/es\/wp-content\/uploads\/sites\/6\/2022\/10\/Blog-4.png\",\"articleSection\":[\"Migraci\u00f3n\",\"Noticias\"],\"inLanguage\":\"es\",\"potentialAction\":[{\"@type\":\"CommentAction\",\"name\":\"Comment\",\"target\":[\"https:\/\/www.sea-international.com\/es\/noticias-nueva-zelanda\/reapertura-de-la-visa-de-residencia-para-padres\/#respond\"]}]},{\"@type\":\"WebPage\",\"@id\":\"https:\/\/www.sea-international.com\/es\/noticias-nueva-zelanda\/reapertura-de-la-visa-de-residencia-para-padres\/\",\"url\":\"https:\/\/www.sea-international.com\/es\/noticias-nueva-zelanda\/reapertura-de-la-visa-de-residencia-para-padres\/\",\"name\":\"Reapertura de la Visa de Residencia para Padres - SEA INTERNATIONAL\",\"isPartOf\":{\"@id\":\"https:\/\/www.sea-international.com\/es\/#website\"},\"primaryImageOfPage\":{\"@id\":\"https:\/\/www.sea-international.com\/es\/noticias-nueva-zelanda\/reapertura-de-la-visa-de-residencia-para-padres\/#primaryimage\"},\"image\":{\"@id\":\"https:\/\/www.sea-international.com\/es\/noticias-nueva-zelanda\/reapertura-de-la-visa-de-residencia-para-padres\/#primaryimage\"},\"thumbnailUrl\":\"https:\/\/www.sea-international.com\/es\/wp-content\/uploads\/sites\/6\/2022\/10\/Blog-4.png\",\"datePublished\":\"2022-10-13T00:20:57+00:00\",\"dateModified\":\"2022-10-13T00:30:55+00:00\",\"breadcrumb\":{\"@id\":\"https:\/\/www.sea-international.com\/es\/noticias-nueva-zelanda\/reapertura-de-la-visa-de-residencia-para-padres\/#breadcrumb\"},\"inLanguage\":\"es\",\"potentialAction\":[{\"@type\":\"ReadAction\",\"target\":[\"https:\/\/www.sea-international.com\/es\/noticias-nueva-zelanda\/reapertura-de-la-visa-de-residencia-para-padres\/\"]}]},{\"@type\":\"ImageObject\",\"inLanguage\":\"es\",\"@id\":\"https:\/\/www.sea-international.com\/es\/noticias-nueva-zelanda\/reapertura-de-la-visa-de-residencia-para-padres\/#primaryimage\",\"url\":\"https:\/\/www.sea-international.com\/es\/wp-content\/uploads\/sites\/6\/2022\/10\/Blog-4.png\",\"contentUrl\":\"https:\/\/www.sea-international.com\/es\/wp-content\/uploads\/sites\/6\/2022\/10\/Blog-4.png\",\"width\":1200,\"height\":900},{\"@type\":\"BreadcrumbList\",\"@id\":\"https:\/\/www.sea-international.com\/es\/noticias-nueva-zelanda\/reapertura-de-la-visa-de-residencia-para-padres\/#breadcrumb\",\"itemListElement\":[{\"@type\":\"ListItem\",\"position\":1,\"name\":\"Home\",\"item\":\"https:\/\/www.sea-international.com\/es\/\"},{\"@type\":\"ListItem\",\"position\":2,\"name\":\"Migraci\u00f3n\",\"item\":\"https:\/\/www.sea-international.com\/es\/noticias-nueva-zelanda\/category\/migracion\/\"},{\"@type\":\"ListItem\",\"position\":3,\"name\":\"Reapertura de la Visa de Residencia para Padres\"}]},{\"@type\":\"WebSite\",\"@id\":\"https:\/\/www.sea-international.com\/es\/#website\",\"url\":\"https:\/\/www.sea-international.com\/es\/\",\"name\":\"SEA INTERNATIONAL\",\"description\":\"Immigration and education services\",\"publisher\":{\"@id\":\"https:\/\/www.sea-international.com\/es\/#organization\"},\"potentialAction\":[{\"@type\":\"SearchAction\",\"target\":{\"@type\":\"EntryPoint\",\"urlTemplate\":\"https:\/\/www.sea-international.com\/es\/?s={search_term_string}\"},\"query-input\":{\"@type\":\"PropertyValueSpecification\",\"valueRequired\":true,\"valueName\":\"search_term_string\"}}],\"inLanguage\":\"es\"},{\"@type\":\"Organization\",\"@id\":\"https:\/\/www.sea-international.com\/es\/#organization\",\"name\":\"SEA International\",\"url\":\"https:\/\/www.sea-international.com\/es\/\",\"logo\":{\"@type\":\"ImageObject\",\"inLanguage\":\"es\",\"@id\":\"https:\/\/www.sea-international.com\/es\/#\/schema\/logo\/image\/\",\"url\":\"https:\/\/www.sea-international.com\/es\/wp-content\/uploads\/sites\/6\/2020\/11\/cropped-sea-international-logo.png\",\"contentUrl\":\"https:\/\/www.sea-international.com\/es\/wp-content\/uploads\/sites\/6\/2020\/11\/cropped-sea-international-logo.png\",\"width\":487,\"height\":126,\"caption\":\"SEA International\"},\"image\":{\"@id\":\"https:\/\/www.sea-international.com\/es\/#\/schema\/logo\/image\/\"},\"sameAs\":[\"https:\/\/www.facebook.com\/seainternational\/\",\"https:\/\/x.com\/SEAINTLATAM\",\"https:\/\/twitter.com\/SEAINTLATAM\",\"https:\/\/www.linkedin.com\/company\/seainternational\/\",\"https:\/\/www.youtube.com\/user\/seaconz\"]},{\"@type\":\"Person\",\"@id\":\"https:\/\/www.sea-international.com\/es\/#\/schema\/person\/1919a6dc82c7567df4f14121084a7cf8\",\"name\":\"SEA International\",\"image\":{\"@type\":\"ImageObject\",\"inLanguage\":\"es\",\"@id\":\"https:\/\/www.sea-international.com\/es\/#\/schema\/person\/image\/\",\"url\":\"https:\/\/secure.gravatar.com\/avatar\/955842d75666e158013b59d37aea744cf977ec6c9bb3f9d5bfbf86e2ad21082e?s=96&d=mm&r=g\",\"contentUrl\":\"https:\/\/secure.gravatar.com\/avatar\/955842d75666e158013b59d37aea744cf977ec6c9bb3f9d5bfbf86e2ad21082e?s=96&d=mm&r=g\",\"caption\":\"SEA International\"},\"url\":\"https:\/\/www.sea-international.com\/es\/noticias-nueva-zelanda\/author\/yossie\/\"}]}<\/script>\n<!-- \/ Yoast SEO Premium plugin. -->","yoast_head_json":{"title":"Reapertura de la Visa de Residencia para Padres - SEA INTERNATIONAL","robots":{"index":"index","follow":"follow","max-snippet":"max-snippet:-1","max-image-preview":"max-image-preview:large","max-video-preview":"max-video-preview:-1"},"canonical":"https:\/\/www.sea-international.com\/es\/noticias-nueva-zelanda\/reapertura-de-la-visa-de-residencia-para-padres\/","og_locale":"es_ES","og_type":"article","og_title":"Reapertura de la Visa de Residencia para Padres","og_description":"La Visa de Categor\u00eda Padres reabrir\u00eda a partir del 14 de noviembre para las personas que ya tienen expresiones de inter\u00e9s en la cola. La votaci\u00f3n para nuevas expresiones de inter\u00e9s comenzar\u00e1 a partir del 12 de octubre y la primera selecci\u00f3n tendr\u00e1 lugar en agosto de 2023. El n\u00famero de estas visas otorgadas cada [&hellip;]","og_url":"https:\/\/www.sea-international.com\/es\/noticias-nueva-zelanda\/reapertura-de-la-visa-de-residencia-para-padres\/","og_site_name":"SEA INTERNATIONAL","article_publisher":"https:\/\/www.facebook.com\/seainternational\/","article_published_time":"2022-10-13T00:20:57+00:00","article_modified_time":"2022-10-13T00:30:55+00:00","og_image":[{"width":1200,"height":900,"url":"https:\/\/www.sea-international.com\/es\/wp-content\/uploads\/sites\/6\/2022\/10\/Blog-4.png","type":"image\/png"}],"author":"SEA International","twitter_card":"summary_large_image","twitter_creator":"@SEAINTLATAM","twitter_site":"@SEAINTLATAM","twitter_misc":{"Escrito por":"SEA International","Tiempo de lectura":"1 minuto"},"schema":{"@context":"https:\/\/schema.org","@graph":[{"@type":"Article","@id":"https:\/\/www.sea-international.com\/es\/noticias-nueva-zelanda\/reapertura-de-la-visa-de-residencia-para-padres\/#article","isPartOf":{"@id":"https:\/\/www.sea-international.com\/es\/noticias-nueva-zelanda\/reapertura-de-la-visa-de-residencia-para-padres\/"},"author":{"name":"SEA International","@id":"https:\/\/www.sea-international.com\/es\/#\/schema\/person\/1919a6dc82c7567df4f14121084a7cf8"},"headline":"Reapertura de la Visa de Residencia para Padres","datePublished":"2022-10-13T00:20:57+00:00","dateModified":"2022-10-13T00:30:55+00:00","mainEntityOfPage":{"@id":"https:\/\/www.sea-international.com\/es\/noticias-nueva-zelanda\/reapertura-de-la-visa-de-residencia-para-padres\/"},"wordCount":197,"commentCount":0,"publisher":{"@id":"https:\/\/www.sea-international.com\/es\/#organization"},"image":{"@id":"https:\/\/www.sea-international.com\/es\/noticias-nueva-zelanda\/reapertura-de-la-visa-de-residencia-para-padres\/#primaryimage"},"thumbnailUrl":"https:\/\/www.sea-international.com\/es\/wp-content\/uploads\/sites\/6\/2022\/10\/Blog-4.png","articleSection":["Migraci\u00f3n","Noticias"],"inLanguage":"es","potentialAction":[{"@type":"CommentAction","name":"Comment","target":["https:\/\/www.sea-international.com\/es\/noticias-nueva-zelanda\/reapertura-de-la-visa-de-residencia-para-padres\/#respond"]}]},{"@type":"WebPage","@id":"https:\/\/www.sea-international.com\/es\/noticias-nueva-zelanda\/reapertura-de-la-visa-de-residencia-para-padres\/","url":"https:\/\/www.sea-international.com\/es\/noticias-nueva-zelanda\/reapertura-de-la-visa-de-residencia-para-padres\/","name":"Reapertura de la Visa de Residencia para Padres - SEA INTERNATIONAL","isPartOf":{"@id":"https:\/\/www.sea-international.com\/es\/#website"},"primaryImageOfPage":{"@id":"https:\/\/www.sea-international.com\/es\/noticias-nueva-zelanda\/reapertura-de-la-visa-de-residencia-para-padres\/#primaryimage"},"image":{"@id":"https:\/\/www.sea-international.com\/es\/noticias-nueva-zelanda\/reapertura-de-la-visa-de-residencia-para-padres\/#primaryimage"},"thumbnailUrl":"https:\/\/www.sea-international.com\/es\/wp-content\/uploads\/sites\/6\/2022\/10\/Blog-4.png","datePublished":"2022-10-13T00:20:57+00:00","dateModified":"2022-10-13T00:30:55+00:00","breadcrumb":{"@id":"https:\/\/www.sea-international.com\/es\/noticias-nueva-zelanda\/reapertura-de-la-visa-de-residencia-para-padres\/#breadcrumb"},"inLanguage":"es","potentialAction":[{"@type":"ReadAction","target":["https:\/\/www.sea-international.com\/es\/noticias-nueva-zelanda\/reapertura-de-la-visa-de-residencia-para-padres\/"]}]},{"@type":"ImageObject","inLanguage":"es","@id":"https:\/\/www.sea-international.com\/es\/noticias-nueva-zelanda\/reapertura-de-la-visa-de-residencia-para-padres\/#primaryimage","url":"https:\/\/www.sea-international.com\/es\/wp-content\/uploads\/sites\/6\/2022\/10\/Blog-4.png","contentUrl":"https:\/\/www.sea-international.com\/es\/wp-content\/uploads\/sites\/6\/2022\/10\/Blog-4.png","width":1200,"height":900},{"@type":"BreadcrumbList","@id":"https:\/\/www.sea-international.com\/es\/noticias-nueva-zelanda\/reapertura-de-la-visa-de-residencia-para-padres\/#breadcrumb","itemListElement":[{"@type":"ListItem","position":1,"name":"Home","item":"https:\/\/www.sea-international.com\/es\/"},{"@type":"ListItem","position":2,"name":"Migraci\u00f3n","item":"https:\/\/www.sea-international.com\/es\/noticias-nueva-zelanda\/category\/migracion\/"},{"@type":"ListItem","position":3,"name":"Reapertura de la Visa de Residencia para Padres"}]},{"@type":"WebSite","@id":"https:\/\/www.sea-international.com\/es\/#website","url":"https:\/\/www.sea-international.com\/es\/","name":"SEA INTERNATIONAL","description":"Immigration and education services","publisher":{"@id":"https:\/\/www.sea-international.com\/es\/#organization"},"potentialAction":[{"@type":"SearchAction","target":{"@type":"EntryPoint","urlTemplate":"https:\/\/www.sea-international.com\/es\/?s={search_term_string}"},"query-input":{"@type":"PropertyValueSpecification","valueRequired":true,"valueName":"search_term_string"}}],"inLanguage":"es"},{"@type":"Organization","@id":"https:\/\/www.sea-international.com\/es\/#organization","name":"SEA International","url":"https:\/\/www.sea-international.com\/es\/","logo":{"@type":"ImageObject","inLanguage":"es","@id":"https:\/\/www.sea-international.com\/es\/#\/schema\/logo\/image\/","url":"https:\/\/www.sea-international.com\/es\/wp-content\/uploads\/sites\/6\/2020\/11\/cropped-sea-international-logo.png","contentUrl":"https:\/\/www.sea-international.com\/es\/wp-content\/uploads\/sites\/6\/2020\/11\/cropped-sea-international-logo.png","width":487,"height":126,"caption":"SEA International"},"image":{"@id":"https:\/\/www.sea-international.com\/es\/#\/schema\/logo\/image\/"},"sameAs":["https:\/\/www.facebook.com\/seainternational\/","https:\/\/x.com\/SEAINTLATAM","https:\/\/twitter.com\/SEAINTLATAM","https:\/\/www.linkedin.com\/company\/seainternational\/","https:\/\/www.youtube.com\/user\/seaconz"]},{"@type":"Person","@id":"https:\/\/www.sea-international.com\/es\/#\/schema\/person\/1919a6dc82c7567df4f14121084a7cf8","name":"SEA International","image":{"@type":"ImageObject","inLanguage":"es","@id":"https:\/\/www.sea-international.com\/es\/#\/schema\/person\/image\/","url":"https:\/\/secure.gravatar.com\/avatar\/955842d75666e158013b59d37aea744cf977ec6c9bb3f9d5bfbf86e2ad21082e?s=96&d=mm&r=g","contentUrl":"https:\/\/secure.gravatar.com\/avatar\/955842d75666e158013b59d37aea744cf977ec6c9bb3f9d5bfbf86e2ad21082e?s=96&d=mm&r=g","caption":"SEA International"},"url":"https:\/\/www.sea-international.com\/es\/noticias-nueva-zelanda\/author\/yossie\/"}]}},"_links":{"self":[{"href":"https:\/\/www.sea-international.com\/es\/wp-json\/wp\/v2\/posts\/6563","targetHints":{"allow":["GET"]}}],"collection":[{"href":"https:\/\/www.sea-international.com\/es\/wp-json\/wp\/v2\/posts"}],"about":[{"href":"https:\/\/www.sea-international.com\/es\/wp-json\/wp\/v2\/types\/post"}],"author":[{"embeddable":true,"href":"https:\/\/www.sea-international.com\/es\/wp-json\/wp\/v2\/users\/3"}],"replies":[{"embeddable":true,"href":"https:\/\/www.sea-international.com\/es\/wp-json\/wp\/v2\/comments?post=6563"}],"version-history":[{"count":5,"href":"https:\/\/www.sea-international.com\/es\/wp-json\/wp\/v2\/posts\/6563\/revisions"}],"predecessor-version":[{"id":6574,"href":"https:\/\/www.sea-international.com\/es\/wp-json\/wp\/v2\/posts\/6563\/revisions\/6574"}],"wp:featuredmedia":[{"embeddable":true,"href":"https:\/\/www.sea-international.com\/es\/wp-json\/wp\/v2\/media\/6568"}],"wp:attachment":[{"href":"https:\/\/www.sea-international.com\/es\/wp-json\/wp\/v2\/media?parent=6563"}],"wp:term":[{"taxonomy":"category","embeddable":true,"href":"https:\/\/www.sea-international.com\/es\/wp-json\/wp\/v2\/categories?post=6563"},{"taxonomy":"post_tag","embeddable":true,"href":"https:\/\/www.sea-international.com\/es\/wp-json\/wp\/v2\/tags?post=6563"}],"curies":[{"name":"wp","href":"https:\/\/api.w.org\/{rel}","templated":true}]}}