{"id":6608,"date":"2022-12-13T10:27:57","date_gmt":"2022-12-12T22:27:57","guid":{"rendered":"https:\/\/www.sea-international.com\/es\/?p=6608"},"modified":"2022-12-13T10:59:30","modified_gmt":"2022-12-12T22:59:30","slug":"jacinda-ardern-y-michael-wood-anuncian-varios-cambios-de-inmigracion","status":"publish","type":"post","link":"https:\/\/www.sea-international.com\/es\/noticias-nueva-zelanda\/jacinda-ardern-y-michael-wood-anuncian-varios-cambios-de-inmigracion\/","title":{"rendered":"Jacinda Ardern y Michael Wood anuncian varios cambios de Inmigraci\u00f3n"},"content":{"rendered":"\t\t<div data-elementor-type=\"wp-post\" data-elementor-id=\"6608\" class=\"elementor elementor-6608\" data-elementor-settings=\"{&quot;ha_cmc_init_switcher&quot;:&quot;no&quot;}\" data-elementor-post-type=\"post\">\n\t\t\t\t\t\t<section class=\"elementor-section elementor-top-section elementor-element elementor-element-cf1b22d elementor-section-boxed elementor-section-height-default elementor-section-height-default\" data-id=\"cf1b22d\" data-element_type=\"section\" data-settings=\"{&quot;_ha_eqh_enable&quot;:false}\">\n\t\t\t\t\t\t<div class=\"elementor-container elementor-column-gap-default\">\n\t\t\t\t\t<div class=\"elementor-column elementor-col-100 elementor-top-column elementor-element elementor-element-4725ccd\" data-id=\"4725ccd\" data-element_type=\"column\">\n\t\t\t<div class=\"elementor-widget-wrap elementor-element-populated\">\n\t\t\t\t\t\t<div class=\"elementor-element elementor-element-e018daf elementor-widget elementor-widget-text-editor\" data-id=\"e018daf\" data-element_type=\"widget\" data-widget_type=\"text-editor.default\">\n\t\t\t\t<div class=\"elementor-widget-container\">\n\t\t\t\t\t\t\t\t\t<p><span class=\"JsGRdQ\">La Primera Ministra Jacinda Ardern y el Ministro de Inmigraci\u00f3n Michael Wood<\/span><span class=\"JsGRdQ white-space-prewrap\">\u00a0<\/span><strong><span class=\"JsGRdQ\">ANUNCIARON VARIOS CAMBIOS DE INMIGRACI\u00d3N.<\/span><\/strong><\/p><h4><strong><span class=\"JsGRdQ\" style=\"color: #3366ff;\">Green List<\/span><\/strong><\/h4><p class=\"_04xlpA direction-ltr align-center para-style-body\"><span class=\"JsGRdQ\">A partir del 15 de diciembre de 2022, las enfermeras y matronas registradas pasar\u00e1n a la ruta Green List directo a Residencia. M\u00e9dicos especialistas tambi\u00e9n se incluir\u00e1n en la v\u00eda Straight to Residence.<\/span><\/p><p class=\"_04xlpA direction-ltr align-center para-style-body\"><span class=\"JsGRdQ\">A partir de marzo de 2023, los auditores tambi\u00e9n se agregar\u00e1n a la Green List.<\/span><\/p><p>Tambi\u00e9n se anunci\u00f3 que las siguientes profesiones se agregar\u00e1n a la ruta Work to Residence Green List a partir de marzo de 2023:<\/p><ul><li>Civil construction supervisors<\/li><li>Gasfitters<\/li><li>Drainlayers<\/li><li>Skilled crane operators<\/li><li>Skilled civil machine operators<\/li><li>Halal slaughterers<\/li><li>Skilled motor mechanics<\/li><li>Skilled telecommunications technicians<\/li><li>All secondary school teachers (in addition to the specialisations already on the Green List)<\/li><li>Primary school teachers<\/li><\/ul><p><br \/><strong>La Green List se revisar\u00e1 a mediados de 2023.<\/strong><\/p><h4 class=\"_04xlpA direction-ltr align-center para-style-body\"><strong><span style=\"color: #3366ff;\"><span class=\"JsGRdQ\"><br \/>Post Study Visas (<\/span><span class=\"JsGRdQ\">2020\u20132021)<\/span><\/span><\/strong><\/h4><p><span class=\"JsGRdQ\">Las personas que ten\u00edan una visa de trabajo post study pero no pudieron usarla debido al cierre de la frontera en marzo de 2020 ser\u00e1n elegibles para una visa de trabajo abierta de 12 meses si a\u00fan no est\u00e1n en Nueva Zelanda con otra visa.<\/span><\/p><h4><span style=\"color: #3366ff;\"><strong><span class=\"JsGRdQ\"><br \/>Critical Purpose Visitor Visa<\/span><\/strong><\/span><\/h4><p><span class=\"JsGRdQ\">El gobierno introducir\u00e1 una Critical Purpose Visa simplificada para que los long-term critical workers puedan solicitar continuar trabajando en su funci\u00f3n actual por hasta tres a\u00f1os.<\/span><\/p><p>El proceso sera mas r\u00e1pido, la \u00fanica informaci\u00f3n relacionada con el empleo que un solicitante debe proporcionar es una carta de su empleador que confirme que permanece empleado en el mismo puesto y en las mismas (o mejores) condiciones que las que fueron aprobadas en la aplicaci\u00f3n de\u00a0Critical Purpose Visitor Visa.<\/p><h4><strong><span style=\"color: #3366ff;\"><br \/>Extensi\u00f3n de acreditaci\u00f3n de empleador acreditado\u00a0(AEWV)<\/span><\/strong><\/h4><p><span class=\"JsGRdQ\">Las acreditaciones de empleador bajo la visa de trabajo de empleador acreditado (AEWV) se extender\u00e1n autom\u00e1ticamente por 12 meses si su primera acreditaci\u00f3n se solicita antes del 4 de julio de 2023.<\/span><\/p><h4><strong><span style=\"color: #3366ff;\"><br \/>Sector Agreement\u00a0para conductores de autobuses y camiones<\/span><\/strong><\/h4><p>Los conductores de autobuses y camiones tendr\u00e1n una v\u00eda de residencia por tiempo limitado a trav\u00e9s de un acuerdo sectorial. Los funcionarios consultar\u00e1n con los representantes del sector del transporte en el desarrollo del acuerdo.<\/p><p>\u00a0<\/p>\t\t\t\t\t\t\t\t<\/div>\n\t\t\t\t<\/div>\n\t\t\t\t\t<\/div>\n\t\t<\/div>\n\t\t\t\t\t<\/div>\n\t\t<\/section>\n\t\t\t\t<\/div>\n\t\t","protected":false},"excerpt":{"rendered":"<p>La Primera Ministra Jacinda Ardern y el Ministro de Inmigraci\u00f3n Michael Wood&nbsp;ANUNCIARON VARIOS CAMBIOS DE INMIGRACI\u00d3N. Green List A partir del 15 de diciembre de 2022, las enfermeras y matronas registradas pasar\u00e1n a la ruta Green List directo a Residencia. M\u00e9dicos especialistas tambi\u00e9n se incluir\u00e1n en la v\u00eda Straight to Residence. A partir de marzo [&hellip;]<\/p>\n","protected":false},"author":3,"featured_media":6613,"comment_status":"open","ping_status":"open","sticky":false,"template":"","format":"standard","meta":{"_acf_changed":false,"footnotes":""},"categories":[18,27],"tags":[],"class_list":["post-6608","post","type-post","status-publish","format-standard","has-post-thumbnail","hentry","category-migracion","category-noticias"],"acf":[],"yoast_head":"<!-- This site is optimized with the Yoast SEO Premium plugin v20.5 (Yoast SEO v26.4) - https:\/\/yoast.com\/wordpress\/plugins\/seo\/ -->\n<title>Jacinda Ardern y Michael Wood anuncian varios cambios de Inmigraci\u00f3n - SEA INTERNATIONAL<\/title>\n<meta name=\"robots\" content=\"noindex, follow\" \/>\n<meta property=\"og:locale\" content=\"es_ES\" \/>\n<meta property=\"og:type\" content=\"article\" \/>\n<meta property=\"og:title\" content=\"Jacinda Ardern y Michael Wood anuncian varios cambios de Inmigraci\u00f3n\" \/>\n<meta property=\"og:description\" content=\"La Primera Ministra Jacinda Ardern y el Ministro de Inmigraci\u00f3n Michael Wood&nbsp;ANUNCIARON VARIOS CAMBIOS DE INMIGRACI\u00d3N. Green List A partir del 15 de diciembre de 2022, las enfermeras y matronas registradas pasar\u00e1n a la ruta Green List directo a Residencia. M\u00e9dicos especialistas tambi\u00e9n se incluir\u00e1n en la v\u00eda Straight to Residence. A partir de marzo [&hellip;]\" \/>\n<meta property=\"og:url\" content=\"https:\/\/www.sea-international.com\/es\/noticias-nueva-zelanda\/jacinda-ardern-y-michael-wood-anuncian-varios-cambios-de-inmigracion\/\" \/>\n<meta property=\"og:site_name\" content=\"SEA INTERNATIONAL\" \/>\n<meta property=\"article:publisher\" content=\"https:\/\/www.facebook.com\/seainternational\/\" \/>\n<meta property=\"article:published_time\" content=\"2022-12-12T22:27:57+00:00\" \/>\n<meta property=\"article:modified_time\" content=\"2022-12-12T22:59:30+00:00\" \/>\n<meta property=\"og:image\" content=\"https:\/\/www.sea-international.com\/es\/wp-content\/uploads\/sites\/6\/2022\/12\/234.png\" \/>\n\t<meta property=\"og:image:width\" content=\"800\" \/>\n\t<meta property=\"og:image:height\" content=\"600\" \/>\n\t<meta property=\"og:image:type\" content=\"image\/png\" \/>\n<meta name=\"author\" content=\"SEA International\" \/>\n<meta name=\"twitter:card\" content=\"summary_large_image\" \/>\n<meta name=\"twitter:creator\" content=\"@SEAINTLATAM\" \/>\n<meta name=\"twitter:site\" content=\"@SEAINTLATAM\" \/>\n<meta name=\"twitter:label1\" content=\"Escrito por\" \/>\n\t<meta name=\"twitter:data1\" content=\"SEA International\" \/>\n\t<meta name=\"twitter:label2\" content=\"Tiempo de lectura\" \/>\n\t<meta name=\"twitter:data2\" content=\"2 minutos\" \/>\n<script type=\"application\/ld+json\" class=\"yoast-schema-graph\">{\"@context\":\"https:\/\/schema.org\",\"@graph\":[{\"@type\":\"Article\",\"@id\":\"https:\/\/www.sea-international.com\/es\/noticias-nueva-zelanda\/jacinda-ardern-y-michael-wood-anuncian-varios-cambios-de-inmigracion\/#article\",\"isPartOf\":{\"@id\":\"https:\/\/www.sea-international.com\/es\/noticias-nueva-zelanda\/jacinda-ardern-y-michael-wood-anuncian-varios-cambios-de-inmigracion\/\"},\"author\":{\"name\":\"SEA International\",\"@id\":\"https:\/\/www.sea-international.com\/es\/#\/schema\/person\/1919a6dc82c7567df4f14121084a7cf8\"},\"headline\":\"Jacinda Ardern y Michael Wood anuncian varios cambios de Inmigraci\u00f3n\",\"datePublished\":\"2022-12-12T22:27:57+00:00\",\"dateModified\":\"2022-12-12T22:59:30+00:00\",\"mainEntityOfPage\":{\"@id\":\"https:\/\/www.sea-international.com\/es\/noticias-nueva-zelanda\/jacinda-ardern-y-michael-wood-anuncian-varios-cambios-de-inmigracion\/\"},\"wordCount\":382,\"commentCount\":0,\"publisher\":{\"@id\":\"https:\/\/www.sea-international.com\/es\/#organization\"},\"image\":{\"@id\":\"https:\/\/www.sea-international.com\/es\/noticias-nueva-zelanda\/jacinda-ardern-y-michael-wood-anuncian-varios-cambios-de-inmigracion\/#primaryimage\"},\"thumbnailUrl\":\"https:\/\/www.sea-international.com\/es\/wp-content\/uploads\/sites\/6\/2022\/12\/234.png\",\"articleSection\":[\"Migraci\u00f3n\",\"Noticias\"],\"inLanguage\":\"es\",\"potentialAction\":[{\"@type\":\"CommentAction\",\"name\":\"Comment\",\"target\":[\"https:\/\/www.sea-international.com\/es\/noticias-nueva-zelanda\/jacinda-ardern-y-michael-wood-anuncian-varios-cambios-de-inmigracion\/#respond\"]}]},{\"@type\":\"WebPage\",\"@id\":\"https:\/\/www.sea-international.com\/es\/noticias-nueva-zelanda\/jacinda-ardern-y-michael-wood-anuncian-varios-cambios-de-inmigracion\/\",\"url\":\"https:\/\/www.sea-international.com\/es\/noticias-nueva-zelanda\/jacinda-ardern-y-michael-wood-anuncian-varios-cambios-de-inmigracion\/\",\"name\":\"Jacinda Ardern y Michael Wood anuncian varios cambios de Inmigraci\u00f3n - SEA INTERNATIONAL\",\"isPartOf\":{\"@id\":\"https:\/\/www.sea-international.com\/es\/#website\"},\"primaryImageOfPage\":{\"@id\":\"https:\/\/www.sea-international.com\/es\/noticias-nueva-zelanda\/jacinda-ardern-y-michael-wood-anuncian-varios-cambios-de-inmigracion\/#primaryimage\"},\"image\":{\"@id\":\"https:\/\/www.sea-international.com\/es\/noticias-nueva-zelanda\/jacinda-ardern-y-michael-wood-anuncian-varios-cambios-de-inmigracion\/#primaryimage\"},\"thumbnailUrl\":\"https:\/\/www.sea-international.com\/es\/wp-content\/uploads\/sites\/6\/2022\/12\/234.png\",\"datePublished\":\"2022-12-12T22:27:57+00:00\",\"dateModified\":\"2022-12-12T22:59:30+00:00\",\"breadcrumb\":{\"@id\":\"https:\/\/www.sea-international.com\/es\/noticias-nueva-zelanda\/jacinda-ardern-y-michael-wood-anuncian-varios-cambios-de-inmigracion\/#breadcrumb\"},\"inLanguage\":\"es\",\"potentialAction\":[{\"@type\":\"ReadAction\",\"target\":[\"https:\/\/www.sea-international.com\/es\/noticias-nueva-zelanda\/jacinda-ardern-y-michael-wood-anuncian-varios-cambios-de-inmigracion\/\"]}]},{\"@type\":\"ImageObject\",\"inLanguage\":\"es\",\"@id\":\"https:\/\/www.sea-international.com\/es\/noticias-nueva-zelanda\/jacinda-ardern-y-michael-wood-anuncian-varios-cambios-de-inmigracion\/#primaryimage\",\"url\":\"https:\/\/www.sea-international.com\/es\/wp-content\/uploads\/sites\/6\/2022\/12\/234.png\",\"contentUrl\":\"https:\/\/www.sea-international.com\/es\/wp-content\/uploads\/sites\/6\/2022\/12\/234.png\",\"width\":800,\"height\":600},{\"@type\":\"BreadcrumbList\",\"@id\":\"https:\/\/www.sea-international.com\/es\/noticias-nueva-zelanda\/jacinda-ardern-y-michael-wood-anuncian-varios-cambios-de-inmigracion\/#breadcrumb\",\"itemListElement\":[{\"@type\":\"ListItem\",\"position\":1,\"name\":\"Home\",\"item\":\"https:\/\/www.sea-international.com\/es\/\"},{\"@type\":\"ListItem\",\"position\":2,\"name\":\"Migraci\u00f3n\",\"item\":\"https:\/\/www.sea-international.com\/es\/noticias-nueva-zelanda\/category\/migracion\/\"},{\"@type\":\"ListItem\",\"position\":3,\"name\":\"Jacinda Ardern y Michael Wood anuncian varios cambios de Inmigraci\u00f3n\"}]},{\"@type\":\"WebSite\",\"@id\":\"https:\/\/www.sea-international.com\/es\/#website\",\"url\":\"https:\/\/www.sea-international.com\/es\/\",\"name\":\"SEA INTERNATIONAL\",\"description\":\"Immigration and education services\",\"publisher\":{\"@id\":\"https:\/\/www.sea-international.com\/es\/#organization\"},\"potentialAction\":[{\"@type\":\"SearchAction\",\"target\":{\"@type\":\"EntryPoint\",\"urlTemplate\":\"https:\/\/www.sea-international.com\/es\/?s={search_term_string}\"},\"query-input\":{\"@type\":\"PropertyValueSpecification\",\"valueRequired\":true,\"valueName\":\"search_term_string\"}}],\"inLanguage\":\"es\"},{\"@type\":\"Organization\",\"@id\":\"https:\/\/www.sea-international.com\/es\/#organization\",\"name\":\"SEA International\",\"url\":\"https:\/\/www.sea-international.com\/es\/\",\"logo\":{\"@type\":\"ImageObject\",\"inLanguage\":\"es\",\"@id\":\"https:\/\/www.sea-international.com\/es\/#\/schema\/logo\/image\/\",\"url\":\"https:\/\/www.sea-international.com\/es\/wp-content\/uploads\/sites\/6\/2020\/11\/cropped-sea-international-logo.png\",\"contentUrl\":\"https:\/\/www.sea-international.com\/es\/wp-content\/uploads\/sites\/6\/2020\/11\/cropped-sea-international-logo.png\",\"width\":487,\"height\":126,\"caption\":\"SEA International\"},\"image\":{\"@id\":\"https:\/\/www.sea-international.com\/es\/#\/schema\/logo\/image\/\"},\"sameAs\":[\"https:\/\/www.facebook.com\/seainternational\/\",\"https:\/\/x.com\/SEAINTLATAM\",\"https:\/\/twitter.com\/SEAINTLATAM\",\"https:\/\/www.linkedin.com\/company\/seainternational\/\",\"https:\/\/www.youtube.com\/user\/seaconz\"]},{\"@type\":\"Person\",\"@id\":\"https:\/\/www.sea-international.com\/es\/#\/schema\/person\/1919a6dc82c7567df4f14121084a7cf8\",\"name\":\"SEA International\",\"image\":{\"@type\":\"ImageObject\",\"inLanguage\":\"es\",\"@id\":\"https:\/\/www.sea-international.com\/es\/#\/schema\/person\/image\/\",\"url\":\"https:\/\/secure.gravatar.com\/avatar\/955842d75666e158013b59d37aea744cf977ec6c9bb3f9d5bfbf86e2ad21082e?s=96&d=mm&r=g\",\"contentUrl\":\"https:\/\/secure.gravatar.com\/avatar\/955842d75666e158013b59d37aea744cf977ec6c9bb3f9d5bfbf86e2ad21082e?s=96&d=mm&r=g\",\"caption\":\"SEA International\"},\"url\":\"https:\/\/www.sea-international.com\/es\/noticias-nueva-zelanda\/author\/yossie\/\"}]}<\/script>\n<!-- \/ Yoast SEO Premium plugin. -->","yoast_head_json":{"title":"Jacinda Ardern y Michael Wood anuncian varios cambios de Inmigraci\u00f3n - SEA INTERNATIONAL","robots":{"index":"noindex","follow":"follow"},"og_locale":"es_ES","og_type":"article","og_title":"Jacinda Ardern y Michael Wood anuncian varios cambios de Inmigraci\u00f3n","og_description":"La Primera Ministra Jacinda Ardern y el Ministro de Inmigraci\u00f3n Michael Wood&nbsp;ANUNCIARON VARIOS CAMBIOS DE INMIGRACI\u00d3N. Green List A partir del 15 de diciembre de 2022, las enfermeras y matronas registradas pasar\u00e1n a la ruta Green List directo a Residencia. M\u00e9dicos especialistas tambi\u00e9n se incluir\u00e1n en la v\u00eda Straight to Residence. A partir de marzo [&hellip;]","og_url":"https:\/\/www.sea-international.com\/es\/noticias-nueva-zelanda\/jacinda-ardern-y-michael-wood-anuncian-varios-cambios-de-inmigracion\/","og_site_name":"SEA INTERNATIONAL","article_publisher":"https:\/\/www.facebook.com\/seainternational\/","article_published_time":"2022-12-12T22:27:57+00:00","article_modified_time":"2022-12-12T22:59:30+00:00","og_image":[{"width":800,"height":600,"url":"https:\/\/www.sea-international.com\/es\/wp-content\/uploads\/sites\/6\/2022\/12\/234.png","type":"image\/png"}],"author":"SEA International","twitter_card":"summary_large_image","twitter_creator":"@SEAINTLATAM","twitter_site":"@SEAINTLATAM","twitter_misc":{"Escrito por":"SEA International","Tiempo de lectura":"2 minutos"},"schema":{"@context":"https:\/\/schema.org","@graph":[{"@type":"Article","@id":"https:\/\/www.sea-international.com\/es\/noticias-nueva-zelanda\/jacinda-ardern-y-michael-wood-anuncian-varios-cambios-de-inmigracion\/#article","isPartOf":{"@id":"https:\/\/www.sea-international.com\/es\/noticias-nueva-zelanda\/jacinda-ardern-y-michael-wood-anuncian-varios-cambios-de-inmigracion\/"},"author":{"name":"SEA International","@id":"https:\/\/www.sea-international.com\/es\/#\/schema\/person\/1919a6dc82c7567df4f14121084a7cf8"},"headline":"Jacinda Ardern y Michael Wood anuncian varios cambios de Inmigraci\u00f3n","datePublished":"2022-12-12T22:27:57+00:00","dateModified":"2022-12-12T22:59:30+00:00","mainEntityOfPage":{"@id":"https:\/\/www.sea-international.com\/es\/noticias-nueva-zelanda\/jacinda-ardern-y-michael-wood-anuncian-varios-cambios-de-inmigracion\/"},"wordCount":382,"commentCount":0,"publisher":{"@id":"https:\/\/www.sea-international.com\/es\/#organization"},"image":{"@id":"https:\/\/www.sea-international.com\/es\/noticias-nueva-zelanda\/jacinda-ardern-y-michael-wood-anuncian-varios-cambios-de-inmigracion\/#primaryimage"},"thumbnailUrl":"https:\/\/www.sea-international.com\/es\/wp-content\/uploads\/sites\/6\/2022\/12\/234.png","articleSection":["Migraci\u00f3n","Noticias"],"inLanguage":"es","potentialAction":[{"@type":"CommentAction","name":"Comment","target":["https:\/\/www.sea-international.com\/es\/noticias-nueva-zelanda\/jacinda-ardern-y-michael-wood-anuncian-varios-cambios-de-inmigracion\/#respond"]}]},{"@type":"WebPage","@id":"https:\/\/www.sea-international.com\/es\/noticias-nueva-zelanda\/jacinda-ardern-y-michael-wood-anuncian-varios-cambios-de-inmigracion\/","url":"https:\/\/www.sea-international.com\/es\/noticias-nueva-zelanda\/jacinda-ardern-y-michael-wood-anuncian-varios-cambios-de-inmigracion\/","name":"Jacinda Ardern y Michael Wood anuncian varios cambios de Inmigraci\u00f3n - SEA INTERNATIONAL","isPartOf":{"@id":"https:\/\/www.sea-international.com\/es\/#website"},"primaryImageOfPage":{"@id":"https:\/\/www.sea-international.com\/es\/noticias-nueva-zelanda\/jacinda-ardern-y-michael-wood-anuncian-varios-cambios-de-inmigracion\/#primaryimage"},"image":{"@id":"https:\/\/www.sea-international.com\/es\/noticias-nueva-zelanda\/jacinda-ardern-y-michael-wood-anuncian-varios-cambios-de-inmigracion\/#primaryimage"},"thumbnailUrl":"https:\/\/www.sea-international.com\/es\/wp-content\/uploads\/sites\/6\/2022\/12\/234.png","datePublished":"2022-12-12T22:27:57+00:00","dateModified":"2022-12-12T22:59:30+00:00","breadcrumb":{"@id":"https:\/\/www.sea-international.com\/es\/noticias-nueva-zelanda\/jacinda-ardern-y-michael-wood-anuncian-varios-cambios-de-inmigracion\/#breadcrumb"},"inLanguage":"es","potentialAction":[{"@type":"ReadAction","target":["https:\/\/www.sea-international.com\/es\/noticias-nueva-zelanda\/jacinda-ardern-y-michael-wood-anuncian-varios-cambios-de-inmigracion\/"]}]},{"@type":"ImageObject","inLanguage":"es","@id":"https:\/\/www.sea-international.com\/es\/noticias-nueva-zelanda\/jacinda-ardern-y-michael-wood-anuncian-varios-cambios-de-inmigracion\/#primaryimage","url":"https:\/\/www.sea-international.com\/es\/wp-content\/uploads\/sites\/6\/2022\/12\/234.png","contentUrl":"https:\/\/www.sea-international.com\/es\/wp-content\/uploads\/sites\/6\/2022\/12\/234.png","width":800,"height":600},{"@type":"BreadcrumbList","@id":"https:\/\/www.sea-international.com\/es\/noticias-nueva-zelanda\/jacinda-ardern-y-michael-wood-anuncian-varios-cambios-de-inmigracion\/#breadcrumb","itemListElement":[{"@type":"ListItem","position":1,"name":"Home","item":"https:\/\/www.sea-international.com\/es\/"},{"@type":"ListItem","position":2,"name":"Migraci\u00f3n","item":"https:\/\/www.sea-international.com\/es\/noticias-nueva-zelanda\/category\/migracion\/"},{"@type":"ListItem","position":3,"name":"Jacinda Ardern y Michael Wood anuncian varios cambios de Inmigraci\u00f3n"}]},{"@type":"WebSite","@id":"https:\/\/www.sea-international.com\/es\/#website","url":"https:\/\/www.sea-international.com\/es\/","name":"SEA INTERNATIONAL","description":"Immigration and education services","publisher":{"@id":"https:\/\/www.sea-international.com\/es\/#organization"},"potentialAction":[{"@type":"SearchAction","target":{"@type":"EntryPoint","urlTemplate":"https:\/\/www.sea-international.com\/es\/?s={search_term_string}"},"query-input":{"@type":"PropertyValueSpecification","valueRequired":true,"valueName":"search_term_string"}}],"inLanguage":"es"},{"@type":"Organization","@id":"https:\/\/www.sea-international.com\/es\/#organization","name":"SEA International","url":"https:\/\/www.sea-international.com\/es\/","logo":{"@type":"ImageObject","inLanguage":"es","@id":"https:\/\/www.sea-international.com\/es\/#\/schema\/logo\/image\/","url":"https:\/\/www.sea-international.com\/es\/wp-content\/uploads\/sites\/6\/2020\/11\/cropped-sea-international-logo.png","contentUrl":"https:\/\/www.sea-international.com\/es\/wp-content\/uploads\/sites\/6\/2020\/11\/cropped-sea-international-logo.png","width":487,"height":126,"caption":"SEA International"},"image":{"@id":"https:\/\/www.sea-international.com\/es\/#\/schema\/logo\/image\/"},"sameAs":["https:\/\/www.facebook.com\/seainternational\/","https:\/\/x.com\/SEAINTLATAM","https:\/\/twitter.com\/SEAINTLATAM","https:\/\/www.linkedin.com\/company\/seainternational\/","https:\/\/www.youtube.com\/user\/seaconz"]},{"@type":"Person","@id":"https:\/\/www.sea-international.com\/es\/#\/schema\/person\/1919a6dc82c7567df4f14121084a7cf8","name":"SEA International","image":{"@type":"ImageObject","inLanguage":"es","@id":"https:\/\/www.sea-international.com\/es\/#\/schema\/person\/image\/","url":"https:\/\/secure.gravatar.com\/avatar\/955842d75666e158013b59d37aea744cf977ec6c9bb3f9d5bfbf86e2ad21082e?s=96&d=mm&r=g","contentUrl":"https:\/\/secure.gravatar.com\/avatar\/955842d75666e158013b59d37aea744cf977ec6c9bb3f9d5bfbf86e2ad21082e?s=96&d=mm&r=g","caption":"SEA International"},"url":"https:\/\/www.sea-international.com\/es\/noticias-nueva-zelanda\/author\/yossie\/"}]}},"_links":{"self":[{"href":"https:\/\/www.sea-international.com\/es\/wp-json\/wp\/v2\/posts\/6608","targetHints":{"allow":["GET"]}}],"collection":[{"href":"https:\/\/www.sea-international.com\/es\/wp-json\/wp\/v2\/posts"}],"about":[{"href":"https:\/\/www.sea-international.com\/es\/wp-json\/wp\/v2\/types\/post"}],"author":[{"embeddable":true,"href":"https:\/\/www.sea-international.com\/es\/wp-json\/wp\/v2\/users\/3"}],"replies":[{"embeddable":true,"href":"https:\/\/www.sea-international.com\/es\/wp-json\/wp\/v2\/comments?post=6608"}],"version-history":[{"count":5,"href":"https:\/\/www.sea-international.com\/es\/wp-json\/wp\/v2\/posts\/6608\/revisions"}],"predecessor-version":[{"id":6614,"href":"https:\/\/www.sea-international.com\/es\/wp-json\/wp\/v2\/posts\/6608\/revisions\/6614"}],"wp:featuredmedia":[{"embeddable":true,"href":"https:\/\/www.sea-international.com\/es\/wp-json\/wp\/v2\/media\/6613"}],"wp:attachment":[{"href":"https:\/\/www.sea-international.com\/es\/wp-json\/wp\/v2\/media?parent=6608"}],"wp:term":[{"taxonomy":"category","embeddable":true,"href":"https:\/\/www.sea-international.com\/es\/wp-json\/wp\/v2\/categories?post=6608"},{"taxonomy":"post_tag","embeddable":true,"href":"https:\/\/www.sea-international.com\/es\/wp-json\/wp\/v2\/tags?post=6608"}],"curies":[{"name":"wp","href":"https:\/\/api.w.org\/{rel}","templated":true}]}}