{"id":6717,"date":"2023-02-07T09:32:27","date_gmt":"2023-02-06T21:32:27","guid":{"rendered":"https:\/\/www.sea-international.com\/es\/?p=6717"},"modified":"2023-02-07T10:35:24","modified_gmt":"2023-02-06T22:35:24","slug":"se-anuncian-las-fechas-de-reapertura-de-la-working-holiday-nueva-zelanda-2023","status":"publish","type":"post","link":"https:\/\/www.sea-international.com\/es\/noticias-nueva-zelanda\/se-anuncian-las-fechas-de-reapertura-de-la-working-holiday-nueva-zelanda-2023\/","title":{"rendered":"Se anuncian las fechas de reapertura de la Working Holiday Nueva Zelanda 2023"},"content":{"rendered":"\t\t<div data-elementor-type=\"wp-post\" data-elementor-id=\"6717\" class=\"elementor elementor-6717\" data-elementor-settings=\"{&quot;ha_cmc_init_switcher&quot;:&quot;no&quot;}\" data-elementor-post-type=\"post\">\n\t\t\t\t\t\t<section class=\"elementor-section elementor-top-section elementor-element elementor-element-cf1b22d elementor-section-boxed elementor-section-height-default elementor-section-height-default\" data-id=\"cf1b22d\" data-element_type=\"section\" data-settings=\"{&quot;_ha_eqh_enable&quot;:false}\">\n\t\t\t\t\t\t<div class=\"elementor-container elementor-column-gap-default\">\n\t\t\t\t\t<div class=\"elementor-column elementor-col-100 elementor-top-column elementor-element elementor-element-4725ccd\" data-id=\"4725ccd\" data-element_type=\"column\">\n\t\t\t<div class=\"elementor-widget-wrap elementor-element-populated\">\n\t\t\t\t\t\t<div class=\"elementor-element elementor-element-e018daf elementor-widget elementor-widget-text-editor\" data-id=\"e018daf\" data-element_type=\"widget\" data-widget_type=\"text-editor.default\">\n\t\t\t\t<div class=\"elementor-widget-container\">\n\t\t\t\t\t\t\t\t\t<p><span>La siguiente tabla describe la fecha en que se abrir\u00e1 cada esquema, as\u00ed como tambi\u00e9n cu\u00e1ntos lugares est\u00e1n disponibles en cada esquema para 2023.<\/span><\/p><p><span>Una vez que se abra cada esquema, las solicitudes estar\u00e1n abiertas hasta que se complete la cuota.\u00a0Una vez que se complete la cuota, el esquema se cerrar\u00e1 hasta 2024.<\/span><\/p><h4><strong><span style=\"color: #3366ff;\">Espa\u00f1a y Vietnam<\/span><\/strong><\/h4><p><span>En 2022, el Primer Ministro de Nueva Zelanda y el Presidente de Espa\u00f1a acordaron cambios para aumentar el l\u00edmite de WHS de Espa\u00f1a de 200 a 2000 y permitir que el titular de la visa trabaje durante los 12 meses completos de la visa.\u00a0De manera similar, el gobierno de Nueva Zelanda y el gobierno de Vietnam acordaron cambios para aumentar el l\u00edmite de WHS de Vietnam de 100 a 200.<\/span><\/p><p><span>Se est\u00e1 trabajando para tener acuerdos formales que permitan implementar estos cambios.<\/span><\/p><p><img fetchpriority=\"high\" decoding=\"async\" class=\"alignnone wp-image-6721\" src=\"https:\/\/www.sea-international.com\/es\/wp-content\/uploads\/sites\/6\/2023\/02\/02IMGnews7febsea.png\" alt=\"\" width=\"500\" height=\"1459\" srcset=\"https:\/\/www.sea-international.com\/es\/wp-content\/uploads\/sites\/6\/2023\/02\/02IMGnews7febsea.png 370w, https:\/\/www.sea-international.com\/es\/wp-content\/uploads\/sites\/6\/2023\/02\/02IMGnews7febsea-103x300.png 103w, https:\/\/www.sea-international.com\/es\/wp-content\/uploads\/sites\/6\/2023\/02\/02IMGnews7febsea-351x1024.png 351w, https:\/\/www.sea-international.com\/es\/wp-content\/uploads\/sites\/6\/2023\/02\/02IMGnews7febsea-768x2239.png 768w, https:\/\/www.sea-international.com\/es\/wp-content\/uploads\/sites\/6\/2023\/02\/02IMGnews7febsea-702x2048.png 702w\" sizes=\"(max-width: 500px) 100vw, 500px\" \/><\/p>\t\t\t\t\t\t\t\t<\/div>\n\t\t\t\t<\/div>\n\t\t\t\t\t<\/div>\n\t\t<\/div>\n\t\t\t\t\t<\/div>\n\t\t<\/section>\n\t\t\t\t<\/div>\n\t\t","protected":false},"excerpt":{"rendered":"<p>La siguiente tabla describe la fecha en que se abrir\u00e1 cada esquema, as\u00ed como tambi\u00e9n cu\u00e1ntos lugares est\u00e1n disponibles en cada esquema para 2023. Una vez que se abra cada esquema, las solicitudes estar\u00e1n abiertas hasta que se complete la cuota.\u00a0Una vez que se complete la cuota, el esquema se cerrar\u00e1 hasta 2024. Espa\u00f1a y [&hellip;]<\/p>\n","protected":false},"author":3,"featured_media":6719,"comment_status":"open","ping_status":"open","sticky":false,"template":"","format":"standard","meta":{"_acf_changed":false,"footnotes":""},"categories":[18,27],"tags":[],"class_list":["post-6717","post","type-post","status-publish","format-standard","has-post-thumbnail","hentry","category-migracion","category-noticias"],"acf":[],"yoast_head":"<!-- This site is optimized with the Yoast SEO Premium plugin v20.5 (Yoast SEO v26.4) - https:\/\/yoast.com\/wordpress\/plugins\/seo\/ -->\n<title>Se anuncian las fechas de reapertura de la Working Holiday Nueva Zelanda 2023 - SEA INTERNATIONAL<\/title>\n<meta name=\"robots\" content=\"noindex, follow\" \/>\n<meta property=\"og:locale\" content=\"es_ES\" \/>\n<meta property=\"og:type\" content=\"article\" \/>\n<meta property=\"og:title\" content=\"Se anuncian las fechas de reapertura de la Working Holiday Nueva Zelanda 2023\" \/>\n<meta property=\"og:description\" content=\"La siguiente tabla describe la fecha en que se abrir\u00e1 cada esquema, as\u00ed como tambi\u00e9n cu\u00e1ntos lugares est\u00e1n disponibles en cada esquema para 2023. Una vez que se abra cada esquema, las solicitudes estar\u00e1n abiertas hasta que se complete la cuota.\u00a0Una vez que se complete la cuota, el esquema se cerrar\u00e1 hasta 2024. Espa\u00f1a y [&hellip;]\" \/>\n<meta property=\"og:url\" content=\"https:\/\/www.sea-international.com\/es\/noticias-nueva-zelanda\/se-anuncian-las-fechas-de-reapertura-de-la-working-holiday-nueva-zelanda-2023\/\" \/>\n<meta property=\"og:site_name\" content=\"SEA INTERNATIONAL\" \/>\n<meta property=\"article:publisher\" content=\"https:\/\/www.facebook.com\/seainternational\/\" \/>\n<meta property=\"article:published_time\" content=\"2023-02-06T21:32:27+00:00\" \/>\n<meta property=\"article:modified_time\" content=\"2023-02-06T22:35:24+00:00\" \/>\n<meta property=\"og:image\" content=\"https:\/\/www.sea-international.com\/es\/wp-content\/uploads\/sites\/6\/2023\/02\/blognoticia.png\" \/>\n\t<meta property=\"og:image:width\" content=\"800\" \/>\n\t<meta property=\"og:image:height\" content=\"600\" \/>\n\t<meta property=\"og:image:type\" content=\"image\/png\" \/>\n<meta name=\"author\" content=\"SEA International\" \/>\n<meta name=\"twitter:card\" content=\"summary_large_image\" \/>\n<meta name=\"twitter:creator\" content=\"@SEAINTLATAM\" \/>\n<meta name=\"twitter:site\" content=\"@SEAINTLATAM\" \/>\n<meta name=\"twitter:label1\" content=\"Escrito por\" \/>\n\t<meta name=\"twitter:data1\" content=\"SEA International\" \/>\n\t<meta name=\"twitter:label2\" content=\"Tiempo de lectura\" \/>\n\t<meta name=\"twitter:data2\" content=\"1 minuto\" \/>\n<script type=\"application\/ld+json\" class=\"yoast-schema-graph\">{\"@context\":\"https:\/\/schema.org\",\"@graph\":[{\"@type\":\"Article\",\"@id\":\"https:\/\/www.sea-international.com\/es\/noticias-nueva-zelanda\/se-anuncian-las-fechas-de-reapertura-de-la-working-holiday-nueva-zelanda-2023\/#article\",\"isPartOf\":{\"@id\":\"https:\/\/www.sea-international.com\/es\/noticias-nueva-zelanda\/se-anuncian-las-fechas-de-reapertura-de-la-working-holiday-nueva-zelanda-2023\/\"},\"author\":{\"name\":\"SEA International\",\"@id\":\"https:\/\/www.sea-international.com\/es\/#\/schema\/person\/1919a6dc82c7567df4f14121084a7cf8\"},\"headline\":\"Se anuncian las fechas de reapertura de la Working Holiday Nueva Zelanda 2023\",\"datePublished\":\"2023-02-06T21:32:27+00:00\",\"dateModified\":\"2023-02-06T22:35:24+00:00\",\"mainEntityOfPage\":{\"@id\":\"https:\/\/www.sea-international.com\/es\/noticias-nueva-zelanda\/se-anuncian-las-fechas-de-reapertura-de-la-working-holiday-nueva-zelanda-2023\/\"},\"wordCount\":153,\"commentCount\":0,\"publisher\":{\"@id\":\"https:\/\/www.sea-international.com\/es\/#organization\"},\"image\":{\"@id\":\"https:\/\/www.sea-international.com\/es\/noticias-nueva-zelanda\/se-anuncian-las-fechas-de-reapertura-de-la-working-holiday-nueva-zelanda-2023\/#primaryimage\"},\"thumbnailUrl\":\"https:\/\/www.sea-international.com\/es\/wp-content\/uploads\/sites\/6\/2023\/02\/blognoticia.png\",\"articleSection\":[\"Migraci\u00f3n\",\"Noticias\"],\"inLanguage\":\"es\",\"potentialAction\":[{\"@type\":\"CommentAction\",\"name\":\"Comment\",\"target\":[\"https:\/\/www.sea-international.com\/es\/noticias-nueva-zelanda\/se-anuncian-las-fechas-de-reapertura-de-la-working-holiday-nueva-zelanda-2023\/#respond\"]}]},{\"@type\":\"WebPage\",\"@id\":\"https:\/\/www.sea-international.com\/es\/noticias-nueva-zelanda\/se-anuncian-las-fechas-de-reapertura-de-la-working-holiday-nueva-zelanda-2023\/\",\"url\":\"https:\/\/www.sea-international.com\/es\/noticias-nueva-zelanda\/se-anuncian-las-fechas-de-reapertura-de-la-working-holiday-nueva-zelanda-2023\/\",\"name\":\"Se anuncian las fechas de reapertura de la Working Holiday Nueva Zelanda 2023 - SEA INTERNATIONAL\",\"isPartOf\":{\"@id\":\"https:\/\/www.sea-international.com\/es\/#website\"},\"primaryImageOfPage\":{\"@id\":\"https:\/\/www.sea-international.com\/es\/noticias-nueva-zelanda\/se-anuncian-las-fechas-de-reapertura-de-la-working-holiday-nueva-zelanda-2023\/#primaryimage\"},\"image\":{\"@id\":\"https:\/\/www.sea-international.com\/es\/noticias-nueva-zelanda\/se-anuncian-las-fechas-de-reapertura-de-la-working-holiday-nueva-zelanda-2023\/#primaryimage\"},\"thumbnailUrl\":\"https:\/\/www.sea-international.com\/es\/wp-content\/uploads\/sites\/6\/2023\/02\/blognoticia.png\",\"datePublished\":\"2023-02-06T21:32:27+00:00\",\"dateModified\":\"2023-02-06T22:35:24+00:00\",\"breadcrumb\":{\"@id\":\"https:\/\/www.sea-international.com\/es\/noticias-nueva-zelanda\/se-anuncian-las-fechas-de-reapertura-de-la-working-holiday-nueva-zelanda-2023\/#breadcrumb\"},\"inLanguage\":\"es\",\"potentialAction\":[{\"@type\":\"ReadAction\",\"target\":[\"https:\/\/www.sea-international.com\/es\/noticias-nueva-zelanda\/se-anuncian-las-fechas-de-reapertura-de-la-working-holiday-nueva-zelanda-2023\/\"]}]},{\"@type\":\"ImageObject\",\"inLanguage\":\"es\",\"@id\":\"https:\/\/www.sea-international.com\/es\/noticias-nueva-zelanda\/se-anuncian-las-fechas-de-reapertura-de-la-working-holiday-nueva-zelanda-2023\/#primaryimage\",\"url\":\"https:\/\/www.sea-international.com\/es\/wp-content\/uploads\/sites\/6\/2023\/02\/blognoticia.png\",\"contentUrl\":\"https:\/\/www.sea-international.com\/es\/wp-content\/uploads\/sites\/6\/2023\/02\/blognoticia.png\",\"width\":800,\"height\":600},{\"@type\":\"BreadcrumbList\",\"@id\":\"https:\/\/www.sea-international.com\/es\/noticias-nueva-zelanda\/se-anuncian-las-fechas-de-reapertura-de-la-working-holiday-nueva-zelanda-2023\/#breadcrumb\",\"itemListElement\":[{\"@type\":\"ListItem\",\"position\":1,\"name\":\"Home\",\"item\":\"https:\/\/www.sea-international.com\/es\/\"},{\"@type\":\"ListItem\",\"position\":2,\"name\":\"Migraci\u00f3n\",\"item\":\"https:\/\/www.sea-international.com\/es\/noticias-nueva-zelanda\/category\/migracion\/\"},{\"@type\":\"ListItem\",\"position\":3,\"name\":\"Se anuncian las fechas de reapertura de la Working Holiday Nueva Zelanda 2023\"}]},{\"@type\":\"WebSite\",\"@id\":\"https:\/\/www.sea-international.com\/es\/#website\",\"url\":\"https:\/\/www.sea-international.com\/es\/\",\"name\":\"SEA INTERNATIONAL\",\"description\":\"Immigration and education services\",\"publisher\":{\"@id\":\"https:\/\/www.sea-international.com\/es\/#organization\"},\"potentialAction\":[{\"@type\":\"SearchAction\",\"target\":{\"@type\":\"EntryPoint\",\"urlTemplate\":\"https:\/\/www.sea-international.com\/es\/?s={search_term_string}\"},\"query-input\":{\"@type\":\"PropertyValueSpecification\",\"valueRequired\":true,\"valueName\":\"search_term_string\"}}],\"inLanguage\":\"es\"},{\"@type\":\"Organization\",\"@id\":\"https:\/\/www.sea-international.com\/es\/#organization\",\"name\":\"SEA International\",\"url\":\"https:\/\/www.sea-international.com\/es\/\",\"logo\":{\"@type\":\"ImageObject\",\"inLanguage\":\"es\",\"@id\":\"https:\/\/www.sea-international.com\/es\/#\/schema\/logo\/image\/\",\"url\":\"https:\/\/www.sea-international.com\/es\/wp-content\/uploads\/sites\/6\/2020\/11\/cropped-sea-international-logo.png\",\"contentUrl\":\"https:\/\/www.sea-international.com\/es\/wp-content\/uploads\/sites\/6\/2020\/11\/cropped-sea-international-logo.png\",\"width\":487,\"height\":126,\"caption\":\"SEA International\"},\"image\":{\"@id\":\"https:\/\/www.sea-international.com\/es\/#\/schema\/logo\/image\/\"},\"sameAs\":[\"https:\/\/www.facebook.com\/seainternational\/\",\"https:\/\/x.com\/SEAINTLATAM\",\"https:\/\/twitter.com\/SEAINTLATAM\",\"https:\/\/www.linkedin.com\/company\/seainternational\/\",\"https:\/\/www.youtube.com\/user\/seaconz\"]},{\"@type\":\"Person\",\"@id\":\"https:\/\/www.sea-international.com\/es\/#\/schema\/person\/1919a6dc82c7567df4f14121084a7cf8\",\"name\":\"SEA International\",\"image\":{\"@type\":\"ImageObject\",\"inLanguage\":\"es\",\"@id\":\"https:\/\/www.sea-international.com\/es\/#\/schema\/person\/image\/\",\"url\":\"https:\/\/secure.gravatar.com\/avatar\/955842d75666e158013b59d37aea744cf977ec6c9bb3f9d5bfbf86e2ad21082e?s=96&d=mm&r=g\",\"contentUrl\":\"https:\/\/secure.gravatar.com\/avatar\/955842d75666e158013b59d37aea744cf977ec6c9bb3f9d5bfbf86e2ad21082e?s=96&d=mm&r=g\",\"caption\":\"SEA International\"},\"url\":\"https:\/\/www.sea-international.com\/es\/noticias-nueva-zelanda\/author\/yossie\/\"}]}<\/script>\n<!-- \/ Yoast SEO Premium plugin. -->","yoast_head_json":{"title":"Se anuncian las fechas de reapertura de la Working Holiday Nueva Zelanda 2023 - SEA INTERNATIONAL","robots":{"index":"noindex","follow":"follow"},"og_locale":"es_ES","og_type":"article","og_title":"Se anuncian las fechas de reapertura de la Working Holiday Nueva Zelanda 2023","og_description":"La siguiente tabla describe la fecha en que se abrir\u00e1 cada esquema, as\u00ed como tambi\u00e9n cu\u00e1ntos lugares est\u00e1n disponibles en cada esquema para 2023. Una vez que se abra cada esquema, las solicitudes estar\u00e1n abiertas hasta que se complete la cuota.\u00a0Una vez que se complete la cuota, el esquema se cerrar\u00e1 hasta 2024. Espa\u00f1a y [&hellip;]","og_url":"https:\/\/www.sea-international.com\/es\/noticias-nueva-zelanda\/se-anuncian-las-fechas-de-reapertura-de-la-working-holiday-nueva-zelanda-2023\/","og_site_name":"SEA INTERNATIONAL","article_publisher":"https:\/\/www.facebook.com\/seainternational\/","article_published_time":"2023-02-06T21:32:27+00:00","article_modified_time":"2023-02-06T22:35:24+00:00","og_image":[{"width":800,"height":600,"url":"https:\/\/www.sea-international.com\/es\/wp-content\/uploads\/sites\/6\/2023\/02\/blognoticia.png","type":"image\/png"}],"author":"SEA International","twitter_card":"summary_large_image","twitter_creator":"@SEAINTLATAM","twitter_site":"@SEAINTLATAM","twitter_misc":{"Escrito por":"SEA International","Tiempo de lectura":"1 minuto"},"schema":{"@context":"https:\/\/schema.org","@graph":[{"@type":"Article","@id":"https:\/\/www.sea-international.com\/es\/noticias-nueva-zelanda\/se-anuncian-las-fechas-de-reapertura-de-la-working-holiday-nueva-zelanda-2023\/#article","isPartOf":{"@id":"https:\/\/www.sea-international.com\/es\/noticias-nueva-zelanda\/se-anuncian-las-fechas-de-reapertura-de-la-working-holiday-nueva-zelanda-2023\/"},"author":{"name":"SEA International","@id":"https:\/\/www.sea-international.com\/es\/#\/schema\/person\/1919a6dc82c7567df4f14121084a7cf8"},"headline":"Se anuncian las fechas de reapertura de la Working Holiday Nueva Zelanda 2023","datePublished":"2023-02-06T21:32:27+00:00","dateModified":"2023-02-06T22:35:24+00:00","mainEntityOfPage":{"@id":"https:\/\/www.sea-international.com\/es\/noticias-nueva-zelanda\/se-anuncian-las-fechas-de-reapertura-de-la-working-holiday-nueva-zelanda-2023\/"},"wordCount":153,"commentCount":0,"publisher":{"@id":"https:\/\/www.sea-international.com\/es\/#organization"},"image":{"@id":"https:\/\/www.sea-international.com\/es\/noticias-nueva-zelanda\/se-anuncian-las-fechas-de-reapertura-de-la-working-holiday-nueva-zelanda-2023\/#primaryimage"},"thumbnailUrl":"https:\/\/www.sea-international.com\/es\/wp-content\/uploads\/sites\/6\/2023\/02\/blognoticia.png","articleSection":["Migraci\u00f3n","Noticias"],"inLanguage":"es","potentialAction":[{"@type":"CommentAction","name":"Comment","target":["https:\/\/www.sea-international.com\/es\/noticias-nueva-zelanda\/se-anuncian-las-fechas-de-reapertura-de-la-working-holiday-nueva-zelanda-2023\/#respond"]}]},{"@type":"WebPage","@id":"https:\/\/www.sea-international.com\/es\/noticias-nueva-zelanda\/se-anuncian-las-fechas-de-reapertura-de-la-working-holiday-nueva-zelanda-2023\/","url":"https:\/\/www.sea-international.com\/es\/noticias-nueva-zelanda\/se-anuncian-las-fechas-de-reapertura-de-la-working-holiday-nueva-zelanda-2023\/","name":"Se anuncian las fechas de reapertura de la Working Holiday Nueva Zelanda 2023 - SEA INTERNATIONAL","isPartOf":{"@id":"https:\/\/www.sea-international.com\/es\/#website"},"primaryImageOfPage":{"@id":"https:\/\/www.sea-international.com\/es\/noticias-nueva-zelanda\/se-anuncian-las-fechas-de-reapertura-de-la-working-holiday-nueva-zelanda-2023\/#primaryimage"},"image":{"@id":"https:\/\/www.sea-international.com\/es\/noticias-nueva-zelanda\/se-anuncian-las-fechas-de-reapertura-de-la-working-holiday-nueva-zelanda-2023\/#primaryimage"},"thumbnailUrl":"https:\/\/www.sea-international.com\/es\/wp-content\/uploads\/sites\/6\/2023\/02\/blognoticia.png","datePublished":"2023-02-06T21:32:27+00:00","dateModified":"2023-02-06T22:35:24+00:00","breadcrumb":{"@id":"https:\/\/www.sea-international.com\/es\/noticias-nueva-zelanda\/se-anuncian-las-fechas-de-reapertura-de-la-working-holiday-nueva-zelanda-2023\/#breadcrumb"},"inLanguage":"es","potentialAction":[{"@type":"ReadAction","target":["https:\/\/www.sea-international.com\/es\/noticias-nueva-zelanda\/se-anuncian-las-fechas-de-reapertura-de-la-working-holiday-nueva-zelanda-2023\/"]}]},{"@type":"ImageObject","inLanguage":"es","@id":"https:\/\/www.sea-international.com\/es\/noticias-nueva-zelanda\/se-anuncian-las-fechas-de-reapertura-de-la-working-holiday-nueva-zelanda-2023\/#primaryimage","url":"https:\/\/www.sea-international.com\/es\/wp-content\/uploads\/sites\/6\/2023\/02\/blognoticia.png","contentUrl":"https:\/\/www.sea-international.com\/es\/wp-content\/uploads\/sites\/6\/2023\/02\/blognoticia.png","width":800,"height":600},{"@type":"BreadcrumbList","@id":"https:\/\/www.sea-international.com\/es\/noticias-nueva-zelanda\/se-anuncian-las-fechas-de-reapertura-de-la-working-holiday-nueva-zelanda-2023\/#breadcrumb","itemListElement":[{"@type":"ListItem","position":1,"name":"Home","item":"https:\/\/www.sea-international.com\/es\/"},{"@type":"ListItem","position":2,"name":"Migraci\u00f3n","item":"https:\/\/www.sea-international.com\/es\/noticias-nueva-zelanda\/category\/migracion\/"},{"@type":"ListItem","position":3,"name":"Se anuncian las fechas de reapertura de la Working Holiday Nueva Zelanda 2023"}]},{"@type":"WebSite","@id":"https:\/\/www.sea-international.com\/es\/#website","url":"https:\/\/www.sea-international.com\/es\/","name":"SEA INTERNATIONAL","description":"Immigration and education services","publisher":{"@id":"https:\/\/www.sea-international.com\/es\/#organization"},"potentialAction":[{"@type":"SearchAction","target":{"@type":"EntryPoint","urlTemplate":"https:\/\/www.sea-international.com\/es\/?s={search_term_string}"},"query-input":{"@type":"PropertyValueSpecification","valueRequired":true,"valueName":"search_term_string"}}],"inLanguage":"es"},{"@type":"Organization","@id":"https:\/\/www.sea-international.com\/es\/#organization","name":"SEA International","url":"https:\/\/www.sea-international.com\/es\/","logo":{"@type":"ImageObject","inLanguage":"es","@id":"https:\/\/www.sea-international.com\/es\/#\/schema\/logo\/image\/","url":"https:\/\/www.sea-international.com\/es\/wp-content\/uploads\/sites\/6\/2020\/11\/cropped-sea-international-logo.png","contentUrl":"https:\/\/www.sea-international.com\/es\/wp-content\/uploads\/sites\/6\/2020\/11\/cropped-sea-international-logo.png","width":487,"height":126,"caption":"SEA International"},"image":{"@id":"https:\/\/www.sea-international.com\/es\/#\/schema\/logo\/image\/"},"sameAs":["https:\/\/www.facebook.com\/seainternational\/","https:\/\/x.com\/SEAINTLATAM","https:\/\/twitter.com\/SEAINTLATAM","https:\/\/www.linkedin.com\/company\/seainternational\/","https:\/\/www.youtube.com\/user\/seaconz"]},{"@type":"Person","@id":"https:\/\/www.sea-international.com\/es\/#\/schema\/person\/1919a6dc82c7567df4f14121084a7cf8","name":"SEA International","image":{"@type":"ImageObject","inLanguage":"es","@id":"https:\/\/www.sea-international.com\/es\/#\/schema\/person\/image\/","url":"https:\/\/secure.gravatar.com\/avatar\/955842d75666e158013b59d37aea744cf977ec6c9bb3f9d5bfbf86e2ad21082e?s=96&d=mm&r=g","contentUrl":"https:\/\/secure.gravatar.com\/avatar\/955842d75666e158013b59d37aea744cf977ec6c9bb3f9d5bfbf86e2ad21082e?s=96&d=mm&r=g","caption":"SEA International"},"url":"https:\/\/www.sea-international.com\/es\/noticias-nueva-zelanda\/author\/yossie\/"}]}},"_links":{"self":[{"href":"https:\/\/www.sea-international.com\/es\/wp-json\/wp\/v2\/posts\/6717","targetHints":{"allow":["GET"]}}],"collection":[{"href":"https:\/\/www.sea-international.com\/es\/wp-json\/wp\/v2\/posts"}],"about":[{"href":"https:\/\/www.sea-international.com\/es\/wp-json\/wp\/v2\/types\/post"}],"author":[{"embeddable":true,"href":"https:\/\/www.sea-international.com\/es\/wp-json\/wp\/v2\/users\/3"}],"replies":[{"embeddable":true,"href":"https:\/\/www.sea-international.com\/es\/wp-json\/wp\/v2\/comments?post=6717"}],"version-history":[{"count":5,"href":"https:\/\/www.sea-international.com\/es\/wp-json\/wp\/v2\/posts\/6717\/revisions"}],"predecessor-version":[{"id":6727,"href":"https:\/\/www.sea-international.com\/es\/wp-json\/wp\/v2\/posts\/6717\/revisions\/6727"}],"wp:featuredmedia":[{"embeddable":true,"href":"https:\/\/www.sea-international.com\/es\/wp-json\/wp\/v2\/media\/6719"}],"wp:attachment":[{"href":"https:\/\/www.sea-international.com\/es\/wp-json\/wp\/v2\/media?parent=6717"}],"wp:term":[{"taxonomy":"category","embeddable":true,"href":"https:\/\/www.sea-international.com\/es\/wp-json\/wp\/v2\/categories?post=6717"},{"taxonomy":"post_tag","embeddable":true,"href":"https:\/\/www.sea-international.com\/es\/wp-json\/wp\/v2\/tags?post=6717"}],"curies":[{"name":"wp","href":"https:\/\/api.w.org\/{rel}","templated":true}]}}